{"id":1145058,"date":"2026-04-27T18:09:13","date_gmt":"2026-04-27T18:09:13","guid":{"rendered":"https:\/\/dimensionturistica.com\/es\/?p=1145058"},"modified":"2026-04-27T18:09:13","modified_gmt":"2026-04-27T18:09:13","slug":"mas-alla-de-la-pantalla-la-tendencia-de-la-moda-personalizada-entre-la-generacion-z","status":"publish","type":"post","link":"https:\/\/dimensionturistica.com\/es\/mas-alla-de-la-pantalla-la-tendencia-de-la-moda-personalizada-entre-la-generacion-z\/","title":{"rendered":"M\u00e1s All\u00e1 de la Pantalla: La Tendencia de la Moda Personalizada entre la Generaci\u00f3n Z"},"content":{"rendered":"<h3>La Revoluci\u00f3n del Vestir Personalizado: C\u00f3mo la Generaci\u00f3n Z Est\u00e1 Transformando la Moda<\/h3>\n<p>En un mundo donde la personalizaci\u00f3n y la autenticidad son primordiales, la moda no se queda atr\u00e1s. La Generaci\u00f3n Z, caracterizada por su deseo de individualidad y expresi\u00f3n personal, est\u00e1 llevando el concepto de &#8220;hecho a medida&#8221; a nuevas alturas. Con la ayuda de la tecnolog\u00eda, est\u00e1n desafiando las formas tradicionales de vestir y estableciendo nuevas expectativas en el sector.<\/p>\n<h4>La Era de la Algoritmizaci\u00f3n<\/h4>\n<p>Desde el auge de las plataformas digitales, la moda ha comenzado a adaptarse a un modelo m\u00e1s interconectado. Las marcas ya no se limitan a ofrecer tallas est\u00e1ndar; ahora incorporan algoritmos que permiten a los consumidores crear prendas que se ajusten a sus medidas exactas. Este enfoque no solo fomenta la inclusi\u00f3n, sino que tambi\u00e9n responde a la creciente demanda de prendas que cuenten una historia \u00fanica.<\/p>\n<h4>Una Nueva Forma de Interacci\u00f3n<\/h4>\n<p>La interacci\u00f3n entre consumidores y marcas ha cambiado dr\u00e1sticamente. Las herramientas digitales permiten que los usuarios personalicen su vestimenta desde la comodidad de su hogar. Desde la selecci\u00f3n de cortes y telas hasta la elecci\u00f3n de detalles, cada decisi\u00f3n est\u00e1 guiada por un algoritmo que asegura que el resultado final sea tan \u00fanico como la persona que lo lleva. Esta experiencia inmersiva atrae no solo a quienes buscan comodidad, sino tambi\u00e9n a quienes desean reflejar su personalidad a trav\u00e9s de sus elecciones de vestuario.<\/p>\n<h4>Sostenibilidad y Conciencia Social<\/h4>\n<p>Adem\u00e1s de personalizar, muchas marcas que se alinean con este nuevo modelo tambi\u00e9n se comprometen con la sostenibilidad, un valor fundamental para la Generaci\u00f3n Z. Al producir solo lo necesario y utilizar materiales responsables, est\u00e1n respondiendo a las preocupaciones ambientales de este grupo demogr\u00e1fico. De esta manera, la tecnolog\u00eda no solo mejora la experiencia del usuario, sino que tambi\u00e9n contribuye a un futuro m\u00e1s consciente y ecol\u00f3gico.<\/p>\n<h4>El Papel de las Redes Sociales<\/h4>\n<p>Las plataformas de redes sociales se han convertido en el escaparate perfecto para estas innovaciones. Con un solo clic, los usuarios pueden compartir sus creaciones personalizadas, generando un bucle de retroalimentaci\u00f3n instant\u00e1nea que alimenta el inter\u00e9s por la moda hecha a medida. Las tendencias se propagan r\u00e1pidamente, lo que fomenta un entorno donde la creatividad es celebrada y el estilo personal es visto como una forma de arte.<\/p>\n<h4>Hacia un Futuro Infinito<\/h4>\n<p>El movimiento hacia la vestimenta personalizada y hecha a medida est\u00e1 lejos de ser una tendencia pasajera. A medida que la tecnolog\u00eda sigue evolucionando, la industria de la moda se adapta continuamente a las expectativas de la Generaci\u00f3n Z. Con un enfoque en la diversidad, la inclusi\u00f3n y la sostenibilidad, el futuro del vestuario no solo parece prometedor, sino tambi\u00e9n infinitamente creativo.<\/p>\n<p>En este nuevo panorama, la moda ya no se trata de seguir tendencias, sino de crear un espacio donde cada individuo pueda sentirse aut\u00e9ntico y seguro. As\u00ed, la verdadera revoluci\u00f3n del vestir personalizado est\u00e1 en marcha, y su impacto apenas comienza a ser desvelado. La conclusi\u00f3n es clara: la personalizaci\u00f3n ha llegado para quedarse, marcando una nueva era en la que cada elecci\u00f3n cuenta y cada dise\u00f1o es un reflejo de la esencia \u00fanica de quien lo lleva.<\/p>\n<p><em> &#8221; Fuentes www.vogue.com &#8221; <\/em><\/p>\n","protected":false},"excerpt":{"rendered":"<p>La Revoluci\u00f3n del Vestir Personalizado: C\u00f3mo la Generaci\u00f3n Z Est\u00e1 Transformando la Moda En un mundo donde la personalizaci\u00f3n y la autenticidad son primordiales, la moda no se queda atr\u00e1s. La Generaci\u00f3n Z, caracterizada por su deseo de individualidad y expresi\u00f3n personal, est\u00e1 llevando el concepto de &#8220;hecho a medida&#8221; a nuevas alturas. Con la [&hellip;]<\/p>\n","protected":false},"author":14,"featured_media":1145059,"comment_status":"open","ping_status":"closed","sticky":false,"template":"","format":"standard","meta":{"om_disable_all_campaigns":false,"jnews-multi-image_gallery":[],"jnews_single_post":[],"jnews_primary_category":[],"jnews_social_meta":[],"footnotes":""},"categories":[144872],"tags":[125035,277187,166,66346,277186,85642,71493,765,159189,217471,160904,111204,373],"class_list":["post-1145058","post","type-post","status-publish","format-standard","has-post-thumbnail","hentry","category-fashion","tag-consumer-behavior","tag-digital-experiences","tag-fashion","tag-gen-z","tag-made-to-measure","tag-online-shopping","tag-personalization","tag-retail","tag-shopping-trends","tag-storytypereporting","tag-sustainable-fashion","tag-textaboveleftsmall","tag-web"],"_links":{"self":[{"href":"https:\/\/dimensionturistica.com\/es\/wp-json\/wp\/v2\/posts\/1145058","targetHints":{"allow":["GET"]}}],"collection":[{"href":"https:\/\/dimensionturistica.com\/es\/wp-json\/wp\/v2\/posts"}],"about":[{"href":"https:\/\/dimensionturistica.com\/es\/wp-json\/wp\/v2\/types\/post"}],"author":[{"embeddable":true,"href":"https:\/\/dimensionturistica.com\/es\/wp-json\/wp\/v2\/users\/14"}],"replies":[{"embeddable":true,"href":"https:\/\/dimensionturistica.com\/es\/wp-json\/wp\/v2\/comments?post=1145058"}],"version-history":[{"count":1,"href":"https:\/\/dimensionturistica.com\/es\/wp-json\/wp\/v2\/posts\/1145058\/revisions"}],"predecessor-version":[{"id":1145060,"href":"https:\/\/dimensionturistica.com\/es\/wp-json\/wp\/v2\/posts\/1145058\/revisions\/1145060"}],"wp:featuredmedia":[{"embeddable":true,"href":"https:\/\/dimensionturistica.com\/es\/wp-json\/wp\/v2\/media\/1145059"}],"wp:attachment":[{"href":"https:\/\/dimensionturistica.com\/es\/wp-json\/wp\/v2\/media?parent=1145058"}],"wp:term":[{"taxonomy":"category","embeddable":true,"href":"https:\/\/dimensionturistica.com\/es\/wp-json\/wp\/v2\/categories?post=1145058"},{"taxonomy":"post_tag","embeddable":true,"href":"https:\/\/dimensionturistica.com\/es\/wp-json\/wp\/v2\/tags?post=1145058"}],"curies":[{"name":"wp","href":"https:\/\/api.w.org\/{rel}","templated":true}]}}