{"id":1145042,"date":"2026-04-27T17:38:23","date_gmt":"2026-04-27T17:38:23","guid":{"rendered":"https:\/\/dimensionturistica.com\/es\/?p=1145042"},"modified":"2026-04-27T17:38:23","modified_gmt":"2026-04-27T17:38:23","slug":"arroyo-calavera-mexicana-identidad-y-memoria","status":"publish","type":"post","link":"https:\/\/dimensionturistica.com\/es\/arroyo-calavera-mexicana-identidad-y-memoria\/","title":{"rendered":"\u201cArroyo: Calavera Mexicana. Identidad y Memoria\u201d"},"content":{"rendered":"\n<p>La Secretar\u00eda de Relaciones Exteriores, a trav\u00e9s del Instituto Mat\u00edas Romero y el Museo de la Canciller\u00eda, presenta la exposici\u00f3n \u201cArroyo: Calavera Mexicana. Identidad y Memoria\u201d, una propuesta escult\u00f3rica que reflexiona sobre la construcci\u00f3n de la identidad a partir de la memoria y los s\u00edmbolos que la sostienen.<\/p>\n\n\n\n<p>La muestra re\u00fane una serie de piezas que toman como punto de partida la calavera \u2014figura central en el imaginario mexicano\u2014 para reinterpretarla desde un lenguaje contempor\u00e1neo. A trav\u00e9s de materiales contrastantes, formas org\u00e1nicas y composiciones cuidadosamente construidas, la obra desplaza este s\u00edmbolo de su lectura tradicional para convertirlo en un espacio de significado abierto.<\/p>\n\n\n\n<figure class=\"wp-block-gallery has-nested-images columns-default is-cropped wp-block-gallery-1 is-layout-flex wp-block-gallery-is-layout-flex\">\n<figure class=\"wp-block-image size-large\"><img decoding=\"async\" width=\"500\" height=\"400\" data-id=\"1145043\" src=\"https:\/\/dimensionturistica.com\/es\/wp-content\/uploads\/2026\/04\/1CALAVERA.jpg\" alt=\"\" class=\"wp-image-1145043\" srcset=\"https:\/\/dimensionturistica.com\/es\/wp-content\/uploads\/2026\/04\/1CALAVERA.jpg 500w, https:\/\/dimensionturistica.com\/es\/wp-content\/uploads\/2026\/04\/1CALAVERA-300x240.jpg 300w\" sizes=\"(max-width: 500px) 100vw, 500px\" \/><\/figure>\n<\/figure>\n\n\n\n<p>En esta exposici\u00f3n, la calavera deja de ser \u00fanicamente una representaci\u00f3n de la muerte para convertirse en un archivo: un cuerpo que contiene huellas, historias y tensiones entre lo individual y lo colectivo. Cada pieza plantea una relaci\u00f3n entre lo visible y lo ausente, entre lo material y lo simb\u00f3lico, proponiendo una lectura que oscila entre la permanencia y la transformaci\u00f3n.<\/p>\n\n\n\n<p>De eso se trata esta exposici\u00f3n: de explorar c\u00f3mo la identidad se construye desde la memoria, c\u00f3mo el cuerpo se convierte en registro y c\u00f3mo los s\u00edmbolos, lejos de ser est\u00e1ticos, se reconfiguran constantemente en el tiempo. La inauguraci\u00f3n se llevar\u00e1 a cabo el jueves 30 de abril de 2026 a las 18:00 horas en el Museo de la Canciller\u00eda, ubicado en Rep\u00fablica de El Salvador No. 47, Ce<\/p>\n","protected":false},"excerpt":{"rendered":"<p>La Secretar\u00eda de Relaciones Exteriores, a trav\u00e9s del Instituto Mat\u00edas Romero y el Museo de la Canciller\u00eda, presenta la exposici\u00f3n \u201cArroyo: Calavera Mexicana. Identidad y Memoria\u201d, una propuesta escult\u00f3rica que reflexiona sobre la construcci\u00f3n de la identidad a partir de la memoria y los s\u00edmbolos que la sostienen. La muestra re\u00fane una serie de piezas [&hellip;]<\/p>\n","protected":false},"author":1,"featured_media":1145044,"comment_status":"open","ping_status":"closed","sticky":false,"template":"","format":"standard","meta":{"om_disable_all_campaigns":false,"jnews-multi-image_gallery":[],"jnews_single_post":[],"jnews_primary_category":[],"jnews_social_meta":[],"footnotes":""},"categories":[144872],"tags":[],"class_list":["post-1145042","post","type-post","status-publish","format-standard","has-post-thumbnail","hentry","category-fashion"],"_links":{"self":[{"href":"https:\/\/dimensionturistica.com\/es\/wp-json\/wp\/v2\/posts\/1145042","targetHints":{"allow":["GET"]}}],"collection":[{"href":"https:\/\/dimensionturistica.com\/es\/wp-json\/wp\/v2\/posts"}],"about":[{"href":"https:\/\/dimensionturistica.com\/es\/wp-json\/wp\/v2\/types\/post"}],"author":[{"embeddable":true,"href":"https:\/\/dimensionturistica.com\/es\/wp-json\/wp\/v2\/users\/1"}],"replies":[{"embeddable":true,"href":"https:\/\/dimensionturistica.com\/es\/wp-json\/wp\/v2\/comments?post=1145042"}],"version-history":[{"count":1,"href":"https:\/\/dimensionturistica.com\/es\/wp-json\/wp\/v2\/posts\/1145042\/revisions"}],"predecessor-version":[{"id":1145045,"href":"https:\/\/dimensionturistica.com\/es\/wp-json\/wp\/v2\/posts\/1145042\/revisions\/1145045"}],"wp:featuredmedia":[{"embeddable":true,"href":"https:\/\/dimensionturistica.com\/es\/wp-json\/wp\/v2\/media\/1145044"}],"wp:attachment":[{"href":"https:\/\/dimensionturistica.com\/es\/wp-json\/wp\/v2\/media?parent=1145042"}],"wp:term":[{"taxonomy":"category","embeddable":true,"href":"https:\/\/dimensionturistica.com\/es\/wp-json\/wp\/v2\/categories?post=1145042"},{"taxonomy":"post_tag","embeddable":true,"href":"https:\/\/dimensionturistica.com\/es\/wp-json\/wp\/v2\/tags?post=1145042"}],"curies":[{"name":"wp","href":"https:\/\/api.w.org\/{rel}","templated":true}]}}