{"id":1145036,"date":"2026-04-27T17:27:12","date_gmt":"2026-04-27T17:27:12","guid":{"rendered":"https:\/\/dimensionturistica.com\/es\/?p=1145036"},"modified":"2026-04-27T17:27:12","modified_gmt":"2026-04-27T17:27:12","slug":"vacaciones-2026-para-personas-mayores-guia-para-obtener-paquetes-todo-incluido-casi-gratuitos-de-sernatur-y-con-opcion-de-acompanante","status":"publish","type":"post","link":"https:\/\/dimensionturistica.com\/es\/vacaciones-2026-para-personas-mayores-guia-para-obtener-paquetes-todo-incluido-casi-gratuitos-de-sernatur-y-con-opcion-de-acompanante\/","title":{"rendered":"Vacaciones 2026 para personas mayores: Gu\u00eda para obtener paquetes &#8220;todo incluido&#8221; casi gratuitos de Sernatur y con opci\u00f3n de acompa\u00f1ante."},"content":{"rendered":"<h3>Descubre las Vacaciones de tus Sue\u00f1os: Paquetes Todo Incluido para Adultos Mayores<\/h3>\n<p>A medida que se acercan las vacaciones de 2026, una emocionante oportunidad se presenta para nuestros adultos mayores: explorar diversos destinos tur\u00edsticos de manera accesible y con todo incluido. Este innovador programa, respaldado por la Subsecretar\u00eda de Turismo de Chile, busca ofrecer a los seniors una experiencia plena, donde puedan disfrutar de la belleza del pa\u00eds sin preocupaciones log\u00edsticas.<\/p>\n<h4>Planificaci\u00f3n Asequible<\/h4>\n<p>La propuesta est\u00e1 dise\u00f1ada espec\u00edficamente para personas a partir de 60 a\u00f1os, brindando la oportunidad de acceder a paquetes tur\u00edsticos a precios sumamente reducidos. Estos paquetes no solo cubren alojamiento y alimentaci\u00f3n, sino que tambi\u00e9n incluyen actividades recreativas y excursiones. Sin duda, la opci\u00f3n perfecta para quienes buscan relax y aventura sin romper el banco.<\/p>\n<h4>C\u00f3mo Funciona<\/h4>\n<p>El acceso a estos paquetes es bastante simple. Los interesados deben registrarse a trav\u00e9s de la plataforma digital habilitada por la Subsecretar\u00eda. La inscripci\u00f3n es un proceso sencillo que permite escoger entre una variedad de destinos, desde playas soleadas hasta hermosos paisajes de monta\u00f1a. Adem\u00e1s, el acompa\u00f1ante, sea familiar o amigo, puede unirse a esta traves\u00eda, fomentando as\u00ed el compartir momentos memorables.<\/p>\n<h4>Beneficios del Programa<\/h4>\n<p>Participar en esta iniciativa no solo significa disfrutar de viajes asequibles. Tambi\u00e9n fomenta la socializaci\u00f3n, un aspecto vital para el bienestar emocional de los adultos mayores. Al conocer nuevos lugares y hacer nuevos amigos, se fomenta una mejor calidad de vida en la tercera edad. Las actividades, dise\u00f1adas espec\u00edficamente para este grupo, aseguran que cada participante pueda disfrutar al m\u00e1ximo de su experiencia.<\/p>\n<h4>Destinos Imperdibles<\/h4>\n<p>Entre los destinos destacados, encontramos desde las playas del Norte hasta los majestuosos paisajes del Sur. Algunos paquetes incluyen la opci\u00f3n de visitar vi\u00f1edos, donde los viajeros pueden conocer m\u00e1s sobre el proceso del vino chileno, o participar en excursiones por parques naturales, donde la flora y fauna local deslumbran a cada paso. Cada experiencia ha sido meticulosamente planeada para garantizar no solo diversi\u00f3n, sino tambi\u00e9n confort y seguridad.<\/p>\n<h4>Una Opci\u00f3n que Impulsa el Turismo<\/h4>\n<p>Este enfoque inclusivo hacia el turismo no solo beneficia a los adultos mayores, sino que tambi\u00e9n impulsa la econom\u00eda local. La llegada de turistas a diversas regiones permite revitalizar comunidades que dependen del turismo, creando un efecto positivo en la sociedad en su conjunto. <\/p>\n<p>En conclusi\u00f3n, si eres un adulto mayor o conoces a alguien que pueda beneficiarse de esta gran oferta, no dudes en informarte y aprovechar esta oportunidad \u00fanica. Las vacaciones de 2026 est\u00e1n a la vuelta de la esquina, y con ellas, la posibilidad de crear recuerdos tan grandiosos como los paisajes que nos rodean. \u00a1Prep\u00e1rate para un a\u00f1o de aventuras y experiencias inolvidables!<\/p>\n<p><em> &#8221; Sources www.pudahuel.cl &#8221; <\/em><\/p>\n","protected":false},"excerpt":{"rendered":"<p>Descubre las Vacaciones de tus Sue\u00f1os: Paquetes Todo Incluido para Adultos Mayores A medida que se acercan las vacaciones de 2026, una emocionante oportunidad se presenta para nuestros adultos mayores: explorar diversos destinos tur\u00edsticos de manera accesible y con todo incluido. Este innovador programa, respaldado por la Subsecretar\u00eda de Turismo de Chile, busca ofrecer a [&hellip;]<\/p>\n","protected":false},"author":4,"featured_media":1145037,"comment_status":"open","ping_status":"closed","sticky":false,"template":"","format":"standard","meta":{"om_disable_all_campaigns":false,"jnews-multi-image_gallery":[],"jnews_single_post":[],"jnews_primary_category":[],"jnews_social_meta":[],"footnotes":""},"categories":[40],"tags":[55723,107821,11880,4672,272462,27823,53727,13602,26642,544,1861,26432,234576,41062,40262],"class_list":["post-1145036","post","type-post","status-publish","format-standard","has-post-thumbnail","hentry","category-industria","tag-55723","tag-acompanante","tag-adulto-mayor","tag-adultos-mayores","tag-atencion-pudahuel","tag-ofertas-de-viaje","tag-paquetes-todo-incluido","tag-sernatur","tag-tercera-edad","tag-turismo","tag-vacaciones","tag-vacaciones-de-invierno","tag-vacaciones-para-seniors","tag-vacaciones-tercera-edad","tag-viajes-economicos"],"_links":{"self":[{"href":"https:\/\/dimensionturistica.com\/es\/wp-json\/wp\/v2\/posts\/1145036","targetHints":{"allow":["GET"]}}],"collection":[{"href":"https:\/\/dimensionturistica.com\/es\/wp-json\/wp\/v2\/posts"}],"about":[{"href":"https:\/\/dimensionturistica.com\/es\/wp-json\/wp\/v2\/types\/post"}],"author":[{"embeddable":true,"href":"https:\/\/dimensionturistica.com\/es\/wp-json\/wp\/v2\/users\/4"}],"replies":[{"embeddable":true,"href":"https:\/\/dimensionturistica.com\/es\/wp-json\/wp\/v2\/comments?post=1145036"}],"version-history":[{"count":1,"href":"https:\/\/dimensionturistica.com\/es\/wp-json\/wp\/v2\/posts\/1145036\/revisions"}],"predecessor-version":[{"id":1145038,"href":"https:\/\/dimensionturistica.com\/es\/wp-json\/wp\/v2\/posts\/1145036\/revisions\/1145038"}],"wp:featuredmedia":[{"embeddable":true,"href":"https:\/\/dimensionturistica.com\/es\/wp-json\/wp\/v2\/media\/1145037"}],"wp:attachment":[{"href":"https:\/\/dimensionturistica.com\/es\/wp-json\/wp\/v2\/media?parent=1145036"}],"wp:term":[{"taxonomy":"category","embeddable":true,"href":"https:\/\/dimensionturistica.com\/es\/wp-json\/wp\/v2\/categories?post=1145036"},{"taxonomy":"post_tag","embeddable":true,"href":"https:\/\/dimensionturistica.com\/es\/wp-json\/wp\/v2\/tags?post=1145036"}],"curies":[{"name":"wp","href":"https:\/\/api.w.org\/{rel}","templated":true}]}}