{"id":1145031,"date":"2026-04-27T17:18:20","date_gmt":"2026-04-27T17:18:20","guid":{"rendered":"https:\/\/dimensionturistica.com\/es\/?p=1145031"},"modified":"2026-04-27T17:18:20","modified_gmt":"2026-04-27T17:18:20","slug":"la-sorpresa-placentera-de-envejecer","status":"publish","type":"post","link":"https:\/\/dimensionturistica.com\/es\/la-sorpresa-placentera-de-envejecer\/","title":{"rendered":"La Sorpresa Placentera de Envejecer"},"content":{"rendered":"<h3>La Belleza de la Madurez: Una Nueva Perspectiva en la Moda<\/h3>\n<p>El paso del tiempo es un fen\u00f3meno ineludible, pero \u00bfy si en lugar de temerlo, lo celebramos? La moda, en su esencia, ha sido siempre un reflejo de la sociedad, y en a\u00f1os recientes ha comenzado a abrazar un cambio significativo en la percepci\u00f3n de la belleza en la madurez.<\/p>\n<p>Las pasarelas est\u00e1n mostrando cada vez m\u00e1s rostros que cuentan historias; modelos que han dejado atr\u00e1s la est\u00e9tica juvenil y que, en su lugar, exhiben la riqueza de la experiencia. Este cambio no se limita a un simple incremento en la edad de las modelos. Es un giro radical en c\u00f3mo la cultura visual entiende la feminidad y la masculinidad a medida que se avanza en a\u00f1os. Innovadores de la industria est\u00e1n eligiendo representar la diversidad de la vida, brindando un espacio a aquellos que han pasado por diferentes etapas y han acumulado un arsenal de sabidur\u00eda y estilo.<\/p>\n<h4>Estilo Sin Limites<\/h4>\n<p>A medida que se redefine la moda, se desdibujan las fronteras de lo que se considera &#8220;adecuado&#8221; seg\u00fan la edad. La moda actual es un campo de juego donde se celebra la originalidad y la autenticidad. Las piezas atrevidas, los colores vibrantes y las siluetas confortables ahora son accesibles para todos, sin importar la edad. Esta liberaci\u00f3n de normas ha permitido a muchos encontrar su voz a trav\u00e9s de la vestimenta, garantizando que cada d\u00eda sea una oportunidad para expresarse.<\/p>\n<p>Las redes sociales han desempe\u00f1ado un papel crucial en este fen\u00f3meno. Plataformas como Instagram y TikTok se han convertido en escaparates donde la moda se comparte entre generaciones, permitiendo que los referentes de estilo en sus a\u00f1os dorados sean homenajeados y reconocidos. Influencers de diversas edades est\u00e1n demostrando que el estilo no tiene fecha de caducidad y que la elegancia puede coexistir con la rebeld\u00eda.<\/p>\n<h4>La Importancia de la Representaci\u00f3n<\/h4>\n<p>La visibilidad de modelos y celebridades de todas las edades tambi\u00e9n est\u00e1 cambiando la narrativa de lo que considera hermoso. En lugar de aspirar a un ideal inalcanzable, ahora hay una invitaci\u00f3n a abrazar la individualidad. Las marcas se est\u00e1n dando cuenta de que sus consumidores buscan autenticidad y representaci\u00f3n en un modo en que quiz\u00e1s nunca antes se hab\u00eda considerado. La inclusi\u00f3n se presenta no solo como una tendencia, sino como una necesidad palpable en la industria.<\/p>\n<p>Peque\u00f1as marcas emergentes est\u00e1n liderando la carga, creando colecciones dise\u00f1adas espec\u00edficamente para resaltar la belleza de la madurez. Estas iniciativas se enfocan en la comodidad y la usabilidad, al tiempo que mantienen un sentido de sofisticaci\u00f3n que atrapa a un p\u00fablico diverso. Al hacerlo, est\u00e1n restableciendo lo que significa ser moderno y atractivo en todos los \u00e1mbitos de la vida.<\/p>\n<h4>Una Revoluci\u00f3n Silenciosa en la Autoestima<\/h4>\n<p>Al hablar de la moda y la madurez, no se puede dejar de lado el impacto emocional de esta transformaci\u00f3n. Ver im\u00e1genes de personas de todas las edades disfrutando de la moda tiene un efecto poderoso en la autoestima colectiva. Hay un sentido renovado de pertenencia en el acto de vestirse, donde cada elecci\u00f3n de atuendo puede narrar una historia personal \u00fanica.<\/p>\n<p>Este cambio de paradigma tambi\u00e9n se relaciona con el autocuidado y la autoaceptaci\u00f3n. El enfoque actual va m\u00e1s all\u00e1 del mero acto de vestirse. Se trata de empoderar a las personas para que tomen decisiones que reflejen su personalidad, su historia y su viaje. Elegir la moda correcta se convierte en un acto de amor propio y celebraci\u00f3n personal.<\/p>\n<h3>Un Futuro Brillante<\/h3>\n<p>A medida que la industria evoluciona, cada d\u00eda trae consigo nuevas oportunidades para descubrir lo que realmente significa la belleza y el estilo. Aquellos que han recorrido un camino m\u00e1s largo pueden no solo ser escuchados, sino tambi\u00e9n admirados. En esta nueva era de la moda, el estilo se ha convertido en un lenguaje universal que trasciende generaciones, tiempo y tendencias. As\u00ed, el futuro se presenta brillante, lleno de promesas y oportunidades para todos, permitiendo que cada uno de nosotros celebre su singularidad en cada etapa de la vida.<\/p>\n<p><em> &#8221; Fuentes www.vogue.com &#8221; <\/em><\/p>\n","protected":false},"excerpt":{"rendered":"<p>La Belleza de la Madurez: Una Nueva Perspectiva en la Moda El paso del tiempo es un fen\u00f3meno ineludible, pero \u00bfy si en lugar de temerlo, lo celebramos? La moda, en su esencia, ha sido siempre un reflejo de la sociedad, y en a\u00f1os recientes ha comenzado a abrazar un cambio significativo en la percepci\u00f3n [&hellip;]<\/p>\n","protected":false},"author":14,"featured_media":1145032,"comment_status":"open","ping_status":"closed","sticky":false,"template":"","format":"standard","meta":{"om_disable_all_campaigns":false,"jnews-multi-image_gallery":[],"jnews_single_post":[],"jnews_primary_category":[],"jnews_social_meta":[],"footnotes":""},"categories":[144872],"tags":[101447,134464,212332,28228,251669,73628,200373,150117,88348,72063,198622,218091,102325],"class_list":["post-1145031","post","type-post","status-publish","format-standard","has-post-thumbnail","hentry","category-fashion","tag-aging","tag-aging-gracefully","tag-life-lessons","tag-magazine","tag-maturity","tag-personal-growth","tag-positivity","tag-reflection","tag-resilience","tag-self-discovery","tag-splitscreenimagerightinset","tag-storytypepersonal-essay","tag-wisdom"],"_links":{"self":[{"href":"https:\/\/dimensionturistica.com\/es\/wp-json\/wp\/v2\/posts\/1145031","targetHints":{"allow":["GET"]}}],"collection":[{"href":"https:\/\/dimensionturistica.com\/es\/wp-json\/wp\/v2\/posts"}],"about":[{"href":"https:\/\/dimensionturistica.com\/es\/wp-json\/wp\/v2\/types\/post"}],"author":[{"embeddable":true,"href":"https:\/\/dimensionturistica.com\/es\/wp-json\/wp\/v2\/users\/14"}],"replies":[{"embeddable":true,"href":"https:\/\/dimensionturistica.com\/es\/wp-json\/wp\/v2\/comments?post=1145031"}],"version-history":[{"count":1,"href":"https:\/\/dimensionturistica.com\/es\/wp-json\/wp\/v2\/posts\/1145031\/revisions"}],"predecessor-version":[{"id":1145033,"href":"https:\/\/dimensionturistica.com\/es\/wp-json\/wp\/v2\/posts\/1145031\/revisions\/1145033"}],"wp:featuredmedia":[{"embeddable":true,"href":"https:\/\/dimensionturistica.com\/es\/wp-json\/wp\/v2\/media\/1145032"}],"wp:attachment":[{"href":"https:\/\/dimensionturistica.com\/es\/wp-json\/wp\/v2\/media?parent=1145031"}],"wp:term":[{"taxonomy":"category","embeddable":true,"href":"https:\/\/dimensionturistica.com\/es\/wp-json\/wp\/v2\/categories?post=1145031"},{"taxonomy":"post_tag","embeddable":true,"href":"https:\/\/dimensionturistica.com\/es\/wp-json\/wp\/v2\/tags?post=1145031"}],"curies":[{"name":"wp","href":"https:\/\/api.w.org\/{rel}","templated":true}]}}