{"id":1145011,"date":"2026-04-27T16:24:45","date_gmt":"2026-04-27T16:24:45","guid":{"rendered":"https:\/\/dimensionturistica.com\/es\/?p=1145011"},"modified":"2026-04-27T16:24:45","modified_gmt":"2026-04-27T16:24:45","slug":"caravana-el-hilo-de-la-memoria-en-el-centro-historico-de-lima-con-la-colaboracion-de-agencias-de-turismo","status":"publish","type":"post","link":"https:\/\/dimensionturistica.com\/es\/caravana-el-hilo-de-la-memoria-en-el-centro-historico-de-lima-con-la-colaboracion-de-agencias-de-turismo\/","title":{"rendered":"Caravana \u201cEl Hilo de la Memoria\u201d en el Centro Hist\u00f3rico de Lima con la colaboraci\u00f3n de agencias de turismo"},"content":{"rendered":"<h3>Un Paseo por la Historia: Redescubriendo el Centro Hist\u00f3rico de Lima<\/h3>\n<p>Lima, la ciudad de los Reyes, emerge como un fascinante destino tur\u00edstico que invita a los viajeros a sumergirse en su rica herencia cultural. Recientemente, un recorrido especial conocido como &#8220;El Hilo de la Memoria&#8221; atrajo la atenci\u00f3n de agencias de turismo, resaltando la importancia de conectar el pasado con el presente en el coraz\u00f3n de esta metr\u00f3poli peruana.<\/p>\n<p>Este evento, organizado por AGOTUR en colaboraci\u00f3n con la Asociaci\u00f3n de Agencias de Viajes del Per\u00fa (APAVIT), ofreci\u00f3 a los participantes la oportunidad de caminar por las calles empedradas del centro hist\u00f3rico. En cada esquina, la historia y la arquitectura conversan, narrando relatos de \u00e9pocas pasadas que a\u00fan resuenan en la vida cotidiana de la ciudad.<\/p>\n<p>El recorrido inicia en la Plaza Mayor, donde se alzan imponentes edificios coloniales, como la Catedral de Lima y el Palacio de Gobierno. Estos monumentos no solo son ejemplos de un esplendor arquitect\u00f3nico, sino tambi\u00e9n testigos silenciosos de la evoluci\u00f3n de la ciudad y de su gente. Los gu\u00edas expertos comparten an\u00e9cdotas fascinantes y datos curiosos que hacen revivir la historia, desde la llegada de los conquistadores hasta los movimientos culturales contempor\u00e1neos.<\/p>\n<p>Una de las paradas m\u00e1s emblem\u00e1ticas del recorrido es el Convento de San Francisco. Con su impresionante biblioteca y catacumbas, este lugar desvela secretos que han permanecido ocultos durante siglos. Los visitantes quedan maravillados ante la belleza de su arquitectura barroca y la profunda espiritualidad que emana de sus paredes. La mezcla de historia y misterio a\u00f1ade un atractivo adicional a la experiencia.<\/p>\n<p>Adem\u00e1s, el recorrido no solo se centra en los puntos tur\u00edsticos destacados, sino que tambi\u00e9n abarca mercados y calles menos conocidas, donde los olores y sabores de la gastronom\u00eda lime\u00f1a seducen a los sentidos. Aqu\u00ed, la tradici\u00f3n se encuentra con la modernidad; los puestos de comida local conviven con nuevas propuestas culinarias que hacen que la experiencia sea \u00fanica y diversa.<\/p>\n<p>El evento tambi\u00e9n tiene un prop\u00f3sito claro: fomentar el turismo sostenible y consciente. Al involucrar a las agencias de viajes en el proceso, AGOTUR busca crear una comunidad de agentes empoderados, capaces de ofrecer experiencias aut\u00e9nticas y significativas a sus viajeros. La idea es que cada visita a Lima no sea solo un simple paso, sino un hilo que conecte diferentes momentos de la historia con el presente.<\/p>\n<p>Lima, con su fusi\u00f3n de culturas y una historia rica y vibrante, se presenta como un destino que no deja a nadie indiferente. &#8220;El Hilo de la Memoria&#8221; es una invitaci\u00f3n a todos los interesados en descubrir no solo la ciudad, sino tambi\u00e9n el alma de su gente. En cada paso, el viajero se convierte en un portador de historias, un testigo de la evoluci\u00f3n y, sobre todo, un amante de la esencia lime\u00f1a.<\/p>\n<p>Para aquellos que buscan una experiencia de viaje que trascienda lo superficial, el centro hist\u00f3rico de Lima ofrece una puerta de entrada a un mundo lleno de historia, arte y sabores que perduran en el tiempo. La pr\u00f3xima vez que planifiques tu visita a esta ciudad, recuerda que cada rinc\u00f3n tiene un relato que contar; solo necesitas el deseo de escucharlo.<\/p>\n<p><em> &#8221; Sources www.turiweb.pe &#8221; <\/em><\/p>\n","protected":false},"excerpt":{"rendered":"<p>Un Paseo por la Historia: Redescubriendo el Centro Hist\u00f3rico de Lima Lima, la ciudad de los Reyes, emerge como un fascinante destino tur\u00edstico que invita a los viajeros a sumergirse en su rica herencia cultural. Recientemente, un recorrido especial conocido como &#8220;El Hilo de la Memoria&#8221; atrajo la atenci\u00f3n de agencias de turismo, resaltando la [&hellip;]<\/p>\n","protected":false},"author":4,"featured_media":1145012,"comment_status":"open","ping_status":"closed","sticky":false,"template":"","format":"standard","meta":{"om_disable_all_campaigns":false,"jnews-multi-image_gallery":[],"jnews_single_post":[],"jnews_primary_category":[],"jnews_social_meta":[],"footnotes":""},"categories":[40],"tags":[1181,274584,4143,55077,662,277179,724,6643,6818,544],"class_list":["post-1145011","post","type-post","status-publish","format-standard","has-post-thumbnail","hentry","category-industria","tag-agencia-de-viajes","tag-agotur","tag-apavit","tag-centro-historico-de-lima","tag-cultura","tag-el-hilo-de-la-memoria","tag-eventos","tag-historia","tag-recorrido","tag-turismo"],"_links":{"self":[{"href":"https:\/\/dimensionturistica.com\/es\/wp-json\/wp\/v2\/posts\/1145011","targetHints":{"allow":["GET"]}}],"collection":[{"href":"https:\/\/dimensionturistica.com\/es\/wp-json\/wp\/v2\/posts"}],"about":[{"href":"https:\/\/dimensionturistica.com\/es\/wp-json\/wp\/v2\/types\/post"}],"author":[{"embeddable":true,"href":"https:\/\/dimensionturistica.com\/es\/wp-json\/wp\/v2\/users\/4"}],"replies":[{"embeddable":true,"href":"https:\/\/dimensionturistica.com\/es\/wp-json\/wp\/v2\/comments?post=1145011"}],"version-history":[{"count":1,"href":"https:\/\/dimensionturistica.com\/es\/wp-json\/wp\/v2\/posts\/1145011\/revisions"}],"predecessor-version":[{"id":1145013,"href":"https:\/\/dimensionturistica.com\/es\/wp-json\/wp\/v2\/posts\/1145011\/revisions\/1145013"}],"wp:featuredmedia":[{"embeddable":true,"href":"https:\/\/dimensionturistica.com\/es\/wp-json\/wp\/v2\/media\/1145012"}],"wp:attachment":[{"href":"https:\/\/dimensionturistica.com\/es\/wp-json\/wp\/v2\/media?parent=1145011"}],"wp:term":[{"taxonomy":"category","embeddable":true,"href":"https:\/\/dimensionturistica.com\/es\/wp-json\/wp\/v2\/categories?post=1145011"},{"taxonomy":"post_tag","embeddable":true,"href":"https:\/\/dimensionturistica.com\/es\/wp-json\/wp\/v2\/tags?post=1145011"}],"curies":[{"name":"wp","href":"https:\/\/api.w.org\/{rel}","templated":true}]}}