{"id":1144985,"date":"2026-04-27T14:57:46","date_gmt":"2026-04-27T14:57:46","guid":{"rendered":"https:\/\/dimensionturistica.com\/es\/?p=1144985"},"modified":"2026-04-27T14:57:46","modified_gmt":"2026-04-27T14:57:46","slug":"cuba-se-une-a-la-expo-turistica-italiana-obiettivo-x","status":"publish","type":"post","link":"https:\/\/dimensionturistica.com\/es\/cuba-se-une-a-la-expo-turistica-italiana-obiettivo-x\/","title":{"rendered":"Cuba se une a la expo tur\u00edstica italiana Obiettivo X"},"content":{"rendered":"<h3>Descubre las Joyas del Turismo Cubano en Italia<\/h3>\n<p>Cuba, el vibrante coraz\u00f3n del Caribe, ha tomado por asalto la Feria Internacional de Turismo \u201cObiettivo X\u201d en Italia, destac\u00e1ndose como un destino de ensue\u00f1o que cautiva a viajeros de todo el mundo. Este evento, que reuni\u00f3 a importantes actores del sector tur\u00edstico, ofreci\u00f3 a la isla la oportunidad de mostrar su riqueza cultural, su sofisticada infraestructura y sus impresionantes paisajes.<\/p>\n<h4>La Esencia Cubana en un Solo Lugar<\/h4>\n<p>La exhibici\u00f3n de Cuba en la feria fue un fest\u00edn para los sentidos. Stand decorados con elementos que evocan la esencia del pa\u00eds \u2014desde la m\u00fasica de la salsa hasta la exquisita gastronom\u00eda\u2014 permitieron a los visitantes sumergirse en la cultura cubana. La delegaci\u00f3n cubana, compuesta por representantes de diversas instituciones tur\u00edsticas, present\u00f3 una variada oferta que va desde las paradis\u00edacas playas de Varadero hasta la majestuosidad de La Habana Vieja, Patrimonio de la Humanidad.<\/p>\n<p>Los asistentes tuvieron la oportunidad de degustar platos t\u00edpicos y disfrutar de actuaciones en vivo, envolvi\u00e9ndolos en un ambiente que reflejaba la calidez y hospitalidad del pueblo cubano. Todo esto se combina con la posibilidad de realizar excursiones por las monta\u00f1as de Vi\u00f1ales o disfrutar de una experiencia \u00fanica en Cienfuegos, conocida como la \u201cPerla del Sur\u201d.<\/p>\n<h4>Innovaci\u00f3n y Sostenibilidad<\/h4>\n<p>Uno de los enfoques destacados en la participaci\u00f3n de Cuba fue el impulso hacia un turismo sostenible. La isla se compromete a proteger su entorno natural y cultural mientras desarrolla su oferta tur\u00edstica. La promoci\u00f3n de rutas ecol\u00f3gicas y la conservaci\u00f3n de sus paisajes son un testimonio de este compromiso que destaca en un mundo cada vez m\u00e1s consciente sobre la importancia del turismo responsable.<\/p>\n<p>Los productos tur\u00edsticos presentados abarcan una amplia gama, incluyendo el ecoturismo, el turismo de aventura y el turismo de salud, reflejando la diversidad de experiencias que Cuba puede ofrecer a los visitantes europeos.<\/p>\n<h4>Interacci\u00f3n y Alianzas<\/h4>\n<p>La feria no solo fue un espacio para exhibir, sino tambi\u00e9n un punto de encuentro para establecer lazos. Los profesionales de la industria tur\u00edstica cubana se reunieron con representantes de agencias de viajes y tour operadores italianos, fomentando alianzas estrat\u00e9gicas que pueden traducirse en un incremento del flujo de turistas hacia la isla. Esta interacci\u00f3n es fundamental, ya que Italia representa un mercado clave para Cuba, y fortalecer estos v\u00ednculos es crucial para el desarrollo del sector.<\/p>\n<h4>Un Futuro Brillante para el Turismo Cubano<\/h4>\n<p>Cuba, con su rica historia y singular cultura, sigue siendo un destino que promete a sus visitantes experiencias inolvidables. Su participaci\u00f3n en eventos internacionales, como la feria \u201cObiettivo X\u201d, no solo abre las puertas a una mayor visibilidad, sino que tambi\u00e9n ratifica su posici\u00f3n como un destino tur\u00edstico competitivo en el escenario global.<\/p>\n<p>A medida que m\u00e1s personas se aventuran a descubrir las maravillas de la isla, el futuro del turismo cubano se presenta lleno de posibilidades. Desde sus coloridas calles hasta sus fascinantes tradiciones, Cuba espera con los brazos abiertos a todos aquellos que deseen explorar sus encantos. As\u00ed que, \u00a1empaca tus maletas y prep\u00e1rate para una aventura en Cuba, donde la magia comienza desde el primer paso!<\/p>\n<p><em> &#8221; Sources www.traveltradecaribbean.es &#8221; <\/em><\/p>\n","protected":false},"excerpt":{"rendered":"<p>Descubre las Joyas del Turismo Cubano en Italia Cuba, el vibrante coraz\u00f3n del Caribe, ha tomado por asalto la Feria Internacional de Turismo \u201cObiettivo X\u201d en Italia, destac\u00e1ndose como un destino de ensue\u00f1o que cautiva a viajeros de todo el mundo. Este evento, que reuni\u00f3 a importantes actores del sector tur\u00edstico, ofreci\u00f3 a la isla [&hellip;]<\/p>\n","protected":false},"author":4,"featured_media":1144986,"comment_status":"open","ping_status":"closed","sticky":false,"template":"","format":"standard","meta":{"om_disable_all_campaigns":false,"jnews-multi-image_gallery":[],"jnews_single_post":[],"jnews_primary_category":[],"jnews_social_meta":[],"footnotes":""},"categories":[40],"tags":[956,187287,81944,1061,1453,1692,276959,7581,544],"class_list":["post-1144985","post","type-post","status-publish","format-standard","has-post-thumbnail","hentry","category-industria","tag-cuba","tag-cultura-cubana","tag-eventos-turisticos","tag-feria","tag-industria-del-turismo","tag-italia","tag-obiettivo-x","tag-promocion","tag-turismo"],"_links":{"self":[{"href":"https:\/\/dimensionturistica.com\/es\/wp-json\/wp\/v2\/posts\/1144985","targetHints":{"allow":["GET"]}}],"collection":[{"href":"https:\/\/dimensionturistica.com\/es\/wp-json\/wp\/v2\/posts"}],"about":[{"href":"https:\/\/dimensionturistica.com\/es\/wp-json\/wp\/v2\/types\/post"}],"author":[{"embeddable":true,"href":"https:\/\/dimensionturistica.com\/es\/wp-json\/wp\/v2\/users\/4"}],"replies":[{"embeddable":true,"href":"https:\/\/dimensionturistica.com\/es\/wp-json\/wp\/v2\/comments?post=1144985"}],"version-history":[{"count":1,"href":"https:\/\/dimensionturistica.com\/es\/wp-json\/wp\/v2\/posts\/1144985\/revisions"}],"predecessor-version":[{"id":1144987,"href":"https:\/\/dimensionturistica.com\/es\/wp-json\/wp\/v2\/posts\/1144985\/revisions\/1144987"}],"wp:featuredmedia":[{"embeddable":true,"href":"https:\/\/dimensionturistica.com\/es\/wp-json\/wp\/v2\/media\/1144986"}],"wp:attachment":[{"href":"https:\/\/dimensionturistica.com\/es\/wp-json\/wp\/v2\/media?parent=1144985"}],"wp:term":[{"taxonomy":"category","embeddable":true,"href":"https:\/\/dimensionturistica.com\/es\/wp-json\/wp\/v2\/categories?post=1144985"},{"taxonomy":"post_tag","embeddable":true,"href":"https:\/\/dimensionturistica.com\/es\/wp-json\/wp\/v2\/tags?post=1144985"}],"curies":[{"name":"wp","href":"https:\/\/api.w.org\/{rel}","templated":true}]}}