{"id":1144950,"date":"2026-04-27T13:03:03","date_gmt":"2026-04-27T13:03:03","guid":{"rendered":"https:\/\/dimensionturistica.com\/es\/?p=1144950"},"modified":"2026-04-27T13:03:03","modified_gmt":"2026-04-27T13:03:03","slug":"privandome-de-alimentos-en-busca-de-la-perfeccion","status":"publish","type":"post","link":"https:\/\/dimensionturistica.com\/es\/privandome-de-alimentos-en-busca-de-la-perfeccion\/","title":{"rendered":"Priv\u00e1ndome de Alimentos en Busca de la \u2018Perfecci\u00f3n\u2019"},"content":{"rendered":"<h3>La B\u00fasqueda Desmedida de la Perfecci\u00f3n: Un Viaje al L\u00edmite<\/h3>\n<p>En la actualidad, la moda se ha convertido en un espejo que refleja no solo tendencias, sino tambi\u00e9n ideales de belleza a menudo inalcanzables. La presi\u00f3n por alcanzar un est\u00e1ndar que parece cambiar constantemente puede llevar a extremos peligrosos. En este contexto, surge la pregunta: \u00bfhasta d\u00f3nde se est\u00e1 dispuesta a llegar por encajar en esos paradigmas?<\/p>\n<p>El recorrido hacia \u201cla perfecci\u00f3n\u201d a menudo se inicia en lugares inesperados. Una simple mirada en el espejo, una cr\u00edtica en redes sociales o incluso un comentario al pasar puede desencadenar un torbellino de inseguridades. En un mundo donde la imagen se mide en \u201clikes\u201d y seguidores, muchos se ven atrapados en una trampa que, poco a poco, consume su bienestar.<\/p>\n<p>La presi\u00f3n de los c\u00e1nones de belleza contempor\u00e1neos a veces impulsa decisiones dr\u00e1sticas. Algunas personas, en su anhelo por conseguir el cuerpo perfecto, comienzan a restringir su alimentaci\u00f3n de maneras alarmantes. Este fen\u00f3meno no es nuevo, pero se ha intensificado con la proliferaci\u00f3n de las redes sociales, donde se exaltan figuras esculpidas y estilos de vida que parecen inalcanzables.<\/p>\n<p>Pero, \u00bfqu\u00e9 hay detr\u00e1s de esa b\u00fasqueda? La mayor\u00eda de las veces, es un deseo de aceptaci\u00f3n y validaci\u00f3n que empuja a muchos a adoptar h\u00e1bitos poco saludables. La cultura de la dieta y el culto al cuerpo se infiltran en la mente, haciendo que el valor personal parezca directamente proporcional al peso. Este ciclo de autocr\u00edtica y desesperaci\u00f3n est\u00e1 presente en cada rinc\u00f3n de la moda, afectando tanto a quienes est\u00e1n dentro de la industria como a aquellos que la observan desde fuera.<\/p>\n<p>Incluso las figuras emblem\u00e1ticas de la moda, que parecen tener acceso a todo, no son inmunes a estas presiones. Las historias tras las pasarelas a menudo son m\u00e1s complejas de lo que se imagina. Detr\u00e1s de las sonrisas y los flashes, existe una lucha constante por mantener una imagen que, en muchas ocasiones, no solo es dif\u00edcil de sostener, sino tambi\u00e9n da\u00f1ina.<\/p>\n<p>Las plataformas digitales, aunque ofrecen un espacio para la autoexpresi\u00f3n, tambi\u00e9n son caldo de cultivo para comparaciones incesantes. El contenido se vuelve un arma de doble filo; por un lado, inspira, y por otro, consume. En esta lucha por la aceptaci\u00f3n, la salud mental de muchos se ve comprometida, a medida que la delgada l\u00ednea entre la autoexigencia y el desgaste personal se desdibuja.<\/p>\n<p>Sin embargo, a pesar de la oscuridad que puede rodear esta tem\u00e1tica, emergen movimientos que buscan desafiar estas narrativas. La inclusi\u00f3n y la diversidad en la moda ganan terreno, promoviendo una representaci\u00f3n realista de los cuerpos. Marcas emergentes y activistas alzan la voz para redefinir lo que significa ser bello, abogando por un enfoque que priorice la salud sobre la apariencia.<\/p>\n<p>La moda deber\u00eda ser un campo de libertad y creatividad, no de opresi\u00f3n y temor. La transformaci\u00f3n cultural en curso invita a todos a reflexionar sobre sus propias elecciones y su relaci\u00f3n con la imagen. La conversaci\u00f3n no se limita a la est\u00e9tica, sino que se extiende a la realidad de una vida saludable y equilibrada.<\/p>\n<p>En este panorama, es vital recordar que la verdadera belleza no reside en alcanzar un ideal inalcanzable, sino en poder aceptarse y celebrarse a uno mismo. Despu\u00e9s de todo, la autenticidad es el nuevo paradigma, y abrazar la diversidad en todas sus formas es la verdadera revoluci\u00f3n que la moda necesita. Al final, la b\u00fasqueda de la perfecci\u00f3n puede llevar a un viaje inesperado, pero puede que ese viaje, m\u00e1s que un destino, sea una oportunidad para explorar lo que realmente significa ser uno mismo.<\/p>\n<p><em> &#8221; Fuentes www.vogue.com &#8221; <\/em><\/p>\n","protected":false},"excerpt":{"rendered":"<p>La B\u00fasqueda Desmedida de la Perfecci\u00f3n: Un Viaje al L\u00edmite En la actualidad, la moda se ha convertido en un espejo que refleja no solo tendencias, sino tambi\u00e9n ideales de belleza a menudo inalcanzables. La presi\u00f3n por alcanzar un est\u00e1ndar que parece cambiar constantemente puede llevar a extremos peligrosos. En este contexto, surge la pregunta: [&hellip;]<\/p>\n","protected":false},"author":14,"featured_media":1144951,"comment_status":"open","ping_status":"closed","sticky":false,"template":"","format":"standard","meta":{"om_disable_all_campaigns":false,"jnews-multi-image_gallery":[],"jnews_single_post":[],"jnews_primary_category":[],"jnews_social_meta":[],"footnotes":""},"categories":[144872],"tags":[218204,126077,207625,28228,208,277155,252007,202813,78543,202811,218091,198500,209],"class_list":["post-1144950","post","type-post","status-publish","format-standard","has-post-thumbnail","hentry","category-fashion","tag-body-image","tag-eating-disorders","tag-lifestyle-choices","tag-magazine","tag-mental-health","tag-perfectionism","tag-personal-struggle","tag-self-acceptance","tag-self-improvement","tag-societal-pressure","tag-storytypepersonal-essay","tag-textabovecenterfullbleed","tag-wellness"],"_links":{"self":[{"href":"https:\/\/dimensionturistica.com\/es\/wp-json\/wp\/v2\/posts\/1144950","targetHints":{"allow":["GET"]}}],"collection":[{"href":"https:\/\/dimensionturistica.com\/es\/wp-json\/wp\/v2\/posts"}],"about":[{"href":"https:\/\/dimensionturistica.com\/es\/wp-json\/wp\/v2\/types\/post"}],"author":[{"embeddable":true,"href":"https:\/\/dimensionturistica.com\/es\/wp-json\/wp\/v2\/users\/14"}],"replies":[{"embeddable":true,"href":"https:\/\/dimensionturistica.com\/es\/wp-json\/wp\/v2\/comments?post=1144950"}],"version-history":[{"count":1,"href":"https:\/\/dimensionturistica.com\/es\/wp-json\/wp\/v2\/posts\/1144950\/revisions"}],"predecessor-version":[{"id":1144952,"href":"https:\/\/dimensionturistica.com\/es\/wp-json\/wp\/v2\/posts\/1144950\/revisions\/1144952"}],"wp:featuredmedia":[{"embeddable":true,"href":"https:\/\/dimensionturistica.com\/es\/wp-json\/wp\/v2\/media\/1144951"}],"wp:attachment":[{"href":"https:\/\/dimensionturistica.com\/es\/wp-json\/wp\/v2\/media?parent=1144950"}],"wp:term":[{"taxonomy":"category","embeddable":true,"href":"https:\/\/dimensionturistica.com\/es\/wp-json\/wp\/v2\/categories?post=1144950"},{"taxonomy":"post_tag","embeddable":true,"href":"https:\/\/dimensionturistica.com\/es\/wp-json\/wp\/v2\/tags?post=1144950"}],"curies":[{"name":"wp","href":"https:\/\/api.w.org\/{rel}","templated":true}]}}