{"id":1144892,"date":"2026-04-27T10:25:06","date_gmt":"2026-04-27T10:25:06","guid":{"rendered":"https:\/\/dimensionturistica.com\/es\/?p=1144892"},"modified":"2026-04-27T10:25:06","modified_gmt":"2026-04-27T10:25:06","slug":"como-y-a-que-hora-seguir-la-met-gala-2026-en-vivo-por-internet","status":"publish","type":"post","link":"https:\/\/dimensionturistica.com\/es\/como-y-a-que-hora-seguir-la-met-gala-2026-en-vivo-por-internet\/","title":{"rendered":"C\u00f3mo y a qu\u00e9 hora seguir la MET Gala 2026 EN VIVO por internet"},"content":{"rendered":"<h3>La Gala del Met 2026: Un Espect\u00e1culo de Estilo y Glamour<\/h3>\n<p>El evento m\u00e1s esperado en el mundo de la moda se aproxima. La Gala del Met 2026, una celebraci\u00f3n que combina arte y haute couture, tiene a todos en vilo. Echemos un vistazo a qu\u00e9 esperar de esta edici\u00f3n, desde su tem\u00e1tica hasta detalles sobre la transmisi\u00f3n.<\/p>\n<h4>\u00bfCu\u00e1ndo y D\u00f3nde?<\/h4>\n<p>Este a\u00f1o, la Gala del Met se llevar\u00e1 a cabo el primer lunes de mayo. Las puertas del Museo Metropolitano de Arte en Nueva York se abrir\u00e1n para recibir a las estrellas m\u00e1s brillantes de la industria, quienes deslumbrar\u00e1n con sus atuendos \u00fanicos. Para aquellos que desean ser parte de esta experiencia, la transmisi\u00f3n en vivo estar\u00e1 disponible para que los fans de la moda puedan disfrutar cada momento.<\/p>\n<h4>La Tem\u00e1tica: Un Viaje a lo Inesperado<\/h4>\n<p>Cada a\u00f1o, la Gala del Met se centra en una tem\u00e1tica espec\u00edfica, y este 2026 no ser\u00e1 la excepci\u00f3n. La narrativa que guiar\u00e1 esta edici\u00f3n promete sorprender e inspirar. Las influencias, que abarcar\u00e1n diversos aspectos de la cultura contempor\u00e1nea, ser\u00e1n la base para que dise\u00f1adores y asistentes interpreten visiones audaces y creativas.<\/p>\n<h4>Estrellas y Dise\u00f1adores: Un Encuentro de Talento<\/h4>\n<p>Una parte vital de la Gala son las personalidades que la iluminan con su presencia. Expectativas est\u00e1n altas para ver qui\u00e9nes ser\u00e1n los celebrities que marcar\u00e1n la pauta esta vez. Dise\u00f1adores de renombre tendr\u00e1n la oportunidad de mostrar su trabajo en un escenario que promete ser espectacular. La sinergia entre ellos y las estrellas siempre genera momentos dignos de capturar.<\/p>\n<h4>C\u00f3mo Seguir el Evento<\/h4>\n<p>Para quienes no puedan estar presentes, hay buenas noticias. La Gala del Met se transmitir\u00e1 en plataformas digitales y redes sociales, permitiendo que una audiencia global pueda disfrutar de los looks y momentos m\u00e1s ic\u00f3nicos en tiempo real. Aseg\u00farate de seguir el hashtag oficial para actualizaciones exclusivas y cobertura detr\u00e1s de escena.<\/p>\n<h4>El Efecto Met: Tendencias que Definen la Moda<\/h4>\n<p>El impacto de la Gala del Met va m\u00e1s all\u00e1 de la noche de eventos. Las tendencias que emergen de esta celebraci\u00f3n moldean el panorama de la moda en los meses siguientes. Desde cortes innovadores hasta la exploraci\u00f3n de materiales y texturas, cada a\u00f1o ofrece lecciones de estilo que marcan una diferencia en el guardarropa de millones.<\/p>\n<h4>El Legado de la Gala<\/h4>\n<p>La Gala del Met no solo celebra la moda; es un homenaje a la intersecci\u00f3n entre arte y cultura. La influencia de esta celebraci\u00f3n perdura, record\u00e1ndonos que el estilo es una forma de expresi\u00f3n y que cada a\u00f1o, la creatividad y la innovaci\u00f3n reinan en el escenario global.<\/p>\n<p>Prep\u00e1rate para una noche m\u00e1gica y llena de sorpresas. La Gala del Met 2026 se perfila como un evento monumental que los amantes de la moda no querr\u00e1n perderse. Mantente atento y \u00fanete a la conversaci\u00f3n mientras el glamour se despliega en la Gran Manzana.<\/p>\n<p><em> &#8221; Fuentes www.vogue.mx &#8221; <\/em><\/p>\n","protected":false},"excerpt":{"rendered":"<p>La Gala del Met 2026: Un Espect\u00e1culo de Estilo y Glamour El evento m\u00e1s esperado en el mundo de la moda se aproxima. La Gala del Met 2026, una celebraci\u00f3n que combina arte y haute couture, tiene a todos en vilo. Echemos un vistazo a qu\u00e9 esperar de esta edici\u00f3n, desde su tem\u00e1tica hasta detalles [&hellip;]<\/p>\n","protected":false},"author":14,"featured_media":1144893,"comment_status":"open","ping_status":"closed","sticky":false,"template":"","format":"standard","meta":{"om_disable_all_campaigns":false,"jnews-multi-image_gallery":[],"jnews_single_post":[],"jnews_primary_category":[],"jnews_social_meta":[],"footnotes":""},"categories":[144872],"tags":[55723,59716,3175,723,2244,167701,659,866,2274],"class_list":["post-1144892","post","type-post","status-publish","format-standard","has-post-thumbnail","hentry","category-fashion","tag-55723","tag-donde-ver","tag-en-vivo","tag-evento","tag-hora","tag-met-gala","tag-moda","tag-online","tag-transmision"],"_links":{"self":[{"href":"https:\/\/dimensionturistica.com\/es\/wp-json\/wp\/v2\/posts\/1144892","targetHints":{"allow":["GET"]}}],"collection":[{"href":"https:\/\/dimensionturistica.com\/es\/wp-json\/wp\/v2\/posts"}],"about":[{"href":"https:\/\/dimensionturistica.com\/es\/wp-json\/wp\/v2\/types\/post"}],"author":[{"embeddable":true,"href":"https:\/\/dimensionturistica.com\/es\/wp-json\/wp\/v2\/users\/14"}],"replies":[{"embeddable":true,"href":"https:\/\/dimensionturistica.com\/es\/wp-json\/wp\/v2\/comments?post=1144892"}],"version-history":[{"count":1,"href":"https:\/\/dimensionturistica.com\/es\/wp-json\/wp\/v2\/posts\/1144892\/revisions"}],"predecessor-version":[{"id":1144894,"href":"https:\/\/dimensionturistica.com\/es\/wp-json\/wp\/v2\/posts\/1144892\/revisions\/1144894"}],"wp:featuredmedia":[{"embeddable":true,"href":"https:\/\/dimensionturistica.com\/es\/wp-json\/wp\/v2\/media\/1144893"}],"wp:attachment":[{"href":"https:\/\/dimensionturistica.com\/es\/wp-json\/wp\/v2\/media?parent=1144892"}],"wp:term":[{"taxonomy":"category","embeddable":true,"href":"https:\/\/dimensionturistica.com\/es\/wp-json\/wp\/v2\/categories?post=1144892"},{"taxonomy":"post_tag","embeddable":true,"href":"https:\/\/dimensionturistica.com\/es\/wp-json\/wp\/v2\/tags?post=1144892"}],"curies":[{"name":"wp","href":"https:\/\/api.w.org\/{rel}","templated":true}]}}