{"id":1144889,"date":"2026-04-27T10:11:45","date_gmt":"2026-04-27T10:11:45","guid":{"rendered":"https:\/\/dimensionturistica.com\/es\/?p=1144889"},"modified":"2026-04-27T10:11:45","modified_gmt":"2026-04-27T10:11:45","slug":"spanair-resurge-catorce-anos-luego-de-su-extincion","status":"publish","type":"post","link":"https:\/\/dimensionturistica.com\/es\/spanair-resurge-catorce-anos-luego-de-su-extincion\/","title":{"rendered":"<p><strong>Spanair resurge catorce a\u00f1os luego de su extinci\u00f3n<\/strong><\/p>"},"content":{"rendered":"<h3>La Resurrecci\u00f3n de un \u00cdcono: Spanair Vuelve a Surcar los Cielos<\/h3>\n<p>En el vasto cielo tur\u00edstico, los aviones son mucho m\u00e1s que simples medios de transporte; son portadores de sue\u00f1os, aventuras y recuerdos. En este contexto, la reciente noticia del resurgimiento de Spanair, una aerol\u00ednea que marc\u00f3 la historia de la aviaci\u00f3n espa\u00f1ola, ha emocionado a muchos pasajeros nost\u00e1lgicos y futuros viajeros por igual. <\/p>\n<h4>Un Viaje al Pasado<\/h4>\n<p>Spanair, conocida por sus operaciones en Espa\u00f1a y sus conexiones internacionales, desapareci\u00f3 en 2012, dejando un vac\u00edo en el coraz\u00f3n de aquellos que recordaban sus vuelos confortables y su servicio al cliente. Con un legado construido a lo largo de 27 a\u00f1os, la aerol\u00ednea fue un pilar del turismo, ofreciendo rutas que un\u00edan a ciudades y destinos emblem\u00e1ticos. <\/p>\n<p>Ahora, despu\u00e9s de m\u00e1s de una d\u00e9cada de ausencia, Spanair ha decidido retomar su actividad, generando gran expectativa entre los aficionados y viajeros. Las razones detr\u00e1s de su renacimiento son variadas, pero esencialmente se sustentan en un repunte del turismo en Europa y el deseo de revivir la esencia de una era dorada en la aviaci\u00f3n.<\/p>\n<h4>Innovaci\u00f3n y Compromiso<\/h4>\n<p>El relanzamiento de Spanair no solo promete reintroducir una marca cl\u00e1sica, sino que tambi\u00e9n se enfoca en incorporar las \u00faltimas innovaciones tecnol\u00f3gicas y pr\u00e1cticas sostenibles. Esto incluye una flota modernizada que prioriza la eficiencia energ\u00e9tica, as\u00ed como un programa de fidelizaci\u00f3n que busca atraer tanto a antiguos pasajeros como a nuevos clientes.<\/p>\n<p>La experiencia a bordo ser\u00e1 integral, fusionando la nostalgia de los d\u00edas pasados con las comodidades que hoy exigen los viajeros. Desde una atenci\u00f3n personalizada hasta opciones gastron\u00f3micas que reflejan la riqueza de la cultura espa\u00f1ola, el compromiso con la excelencia parece ser la nueva bandera de la aerol\u00ednea.<\/p>\n<h4>Un Nuevo Horizonte para el Turismo<\/h4>\n<p>La reactivaci\u00f3n de Spanair tiene implicaciones significativas para el turismo en Espa\u00f1a. Con las aerol\u00edneas enfrentando desaf\u00edos en la estela de la pandemia, el regreso de un actor conocido puede revitalizar las rutas menos frecuentadas y hacer que destinos so\u00f1ados sean m\u00e1s accesibles. <\/p>\n<p>Los entusiastas del turismo podr\u00edan encontrar en Spanair una forma de redescubrir lugares ic\u00f3nicos, desde las playas de Mallorca hasta las ciudades hist\u00f3ricas de Andaluc\u00eda. El renacimiento de esta aerol\u00ednea tambi\u00e9n podr\u00eda inspirar a otras empresas a innovar y adaptarse a las nuevas demandas del mercado, mejorando la experiencia de los viajeros.<\/p>\n<h4>Mirando Hacia el Futuro<\/h4>\n<p>El aire est\u00e1 cargado de expectativa ante lo que este renacimiento puede significar. La llegada de Spanair es m\u00e1s que un simple anuncio; representa la resurrecci\u00f3n de un s\u00edmbolo que muchas personas asociaban con la alegr\u00eda de volar. Al mismo tiempo, es un recordatorio de c\u00f3mo, en la industria del turismo, la resiliencia y la capacidad de adaptaci\u00f3n son fundamentales.<\/p>\n<p>En conclusi\u00f3n, el regreso de Spanair es una invitaci\u00f3n a so\u00f1ar nuevamente. Para los que buscan aventurarse por los cielos o simplemente quieren volver a conectar con su historia personal, la reactivaci\u00f3n de esta aerol\u00ednea asemeja una segunda oportunidad. As\u00ed que preparen sus maletas y su esp\u00edritu aventurero; el cielo est\u00e1 listo para recibirnos una vez m\u00e1s.<\/p>\n<p><em> &#8221; Sources www.preferente.com &#8221; <\/em><\/p>\n","protected":false},"excerpt":{"rendered":"<p>La Resurrecci\u00f3n de un \u00cdcono: Spanair Vuelve a Surcar los Cielos En el vasto cielo tur\u00edstico, los aviones son mucho m\u00e1s que simples medios de transporte; son portadores de sue\u00f1os, aventuras y recuerdos. En este contexto, la reciente noticia del resurgimiento de Spanair, una aerol\u00ednea que marc\u00f3 la historia de la aviaci\u00f3n espa\u00f1ola, ha emocionado [&hellip;]<\/p>\n","protected":false},"author":4,"featured_media":1144890,"comment_status":"open","ping_status":"closed","sticky":false,"template":"","format":"standard","meta":{"om_disable_all_campaigns":false,"jnews-multi-image_gallery":[],"jnews_single_post":[],"jnews_primary_category":[],"jnews_social_meta":[],"footnotes":""},"categories":[40],"tags":[143604,1654,6643,16061,240850,4025,182577,947],"class_list":["post-1144889","post","type-post","status-publish","format-standard","has-post-thumbnail","hentry","category-industria","tag-14-anos","tag-aviacion","tag-historia","tag-industria-aerea","tag-reaparicion","tag-regreso","tag-spanair","tag-transporte-aereo"],"_links":{"self":[{"href":"https:\/\/dimensionturistica.com\/es\/wp-json\/wp\/v2\/posts\/1144889","targetHints":{"allow":["GET"]}}],"collection":[{"href":"https:\/\/dimensionturistica.com\/es\/wp-json\/wp\/v2\/posts"}],"about":[{"href":"https:\/\/dimensionturistica.com\/es\/wp-json\/wp\/v2\/types\/post"}],"author":[{"embeddable":true,"href":"https:\/\/dimensionturistica.com\/es\/wp-json\/wp\/v2\/users\/4"}],"replies":[{"embeddable":true,"href":"https:\/\/dimensionturistica.com\/es\/wp-json\/wp\/v2\/comments?post=1144889"}],"version-history":[{"count":1,"href":"https:\/\/dimensionturistica.com\/es\/wp-json\/wp\/v2\/posts\/1144889\/revisions"}],"predecessor-version":[{"id":1144891,"href":"https:\/\/dimensionturistica.com\/es\/wp-json\/wp\/v2\/posts\/1144889\/revisions\/1144891"}],"wp:featuredmedia":[{"embeddable":true,"href":"https:\/\/dimensionturistica.com\/es\/wp-json\/wp\/v2\/media\/1144890"}],"wp:attachment":[{"href":"https:\/\/dimensionturistica.com\/es\/wp-json\/wp\/v2\/media?parent=1144889"}],"wp:term":[{"taxonomy":"category","embeddable":true,"href":"https:\/\/dimensionturistica.com\/es\/wp-json\/wp\/v2\/categories?post=1144889"},{"taxonomy":"post_tag","embeddable":true,"href":"https:\/\/dimensionturistica.com\/es\/wp-json\/wp\/v2\/tags?post=1144889"}],"curies":[{"name":"wp","href":"https:\/\/api.w.org\/{rel}","templated":true}]}}