{"id":1144863,"date":"2026-04-27T08:43:12","date_gmt":"2026-04-27T08:43:12","guid":{"rendered":"https:\/\/dimensionturistica.com\/es\/?p=1144863"},"modified":"2026-04-27T08:43:12","modified_gmt":"2026-04-27T08:43:12","slug":"mi-estilo-esta-creciendo-kylie-jenner-renueva-su-marca-khy","status":"publish","type":"post","link":"https:\/\/dimensionturistica.com\/es\/mi-estilo-esta-creciendo-kylie-jenner-renueva-su-marca-khy\/","title":{"rendered":"Mi Estilo Est\u00e1 Creciendo: Kylie Jenner Renueva Su Marca Khy"},"content":{"rendered":"<h3>La Evoluci\u00f3n del Estilo: Un Vistazo al Renacer de una Icono de la Moda<\/h3>\n<p>En el vertiginoso mundo de la moda, la transformaci\u00f3n es la \u00fanica constante. Recientemente, una figura que ha capturado la atenci\u00f3n del p\u00fablico por a\u00f1os est\u00e1 iniciando un nuevo cap\u00edtulo en su trayectoria. Hablamos de Kylie Jenner, quien est\u00e1 redefiniendo su estilo personal y, por ende, su marca.<\/p>\n<h4>Un Cambio de Perspectiva<\/h4>\n<p>Kylie ha decidido alejarse de las tendencias ef\u00edmeras y los excesos que la caracterizaron en el pasado. Este giro va m\u00e1s all\u00e1 de una simple elecci\u00f3n est\u00e9tica; representa una nueva visi\u00f3n sobre c\u00f3mo se presenta al mundo. La influenciadora ha comenzado a adoptar un enfoque m\u00e1s sofisticado y minimalista, abrazando l\u00edneas limpias y paletas de colores neutros. Este cambio resuena con una audiencia que busca autenticidad y conexi\u00f3n emocional con sus \u00edconos.<\/p>\n<h4>La Influencia de la Sostenibilidad<\/h4>\n<p>El auge de la moda sostenible ha encontrado un eco en su reciente transformaci\u00f3n. Kylie est\u00e1 alineando su estilo con valores que promueven no solo la belleza exterior, sino tambi\u00e9n la responsabilidad social. Al elegir marcas y dise\u00f1adores que priorizan la sostenibilidad, se est\u00e1 posicionando como un referente para aquellos que desean consumir moda de manera consciente.<\/p>\n<h4>Colaboraciones Estrat\u00e9gicas<\/h4>\n<p>Kylie no est\u00e1 sola en este viaje. Su nueva direcci\u00f3n tambi\u00e9n se refleja en sus colaboraciones. Las asociaciones con dise\u00f1adores emergentes y marcas que comparten su visi\u00f3n de la moda responsable est\u00e1n marcando el inicio de una era en la que la creatividad y la \u00e9tica van de la mano. Esta estrategia no solo ampl\u00eda su cat\u00e1logo, sino que tambi\u00e9n invita a sus seguidores a explorar diversas propuestas.<\/p>\n<h4>Una Plataforma para la Autoexpresi\u00f3n<\/h4>\n<p>El nuevo enfoque de Kylie no solo se limita a su guardarropa. A trav\u00e9s de redes sociales y eventos, est\u00e1 inspirando a sus seguidores a abrazar su propia evoluci\u00f3n estil\u00edstica. La autoexpresi\u00f3n se ha convertido en un tema recurrente en sus publicaciones, promoviendo el mensaje de que la moda es una extensi\u00f3n de la individualidad.<\/p>\n<h4>Un Futuro Brillante<\/h4>\n<p>La transici\u00f3n de Kylie Jenner hacia un estilo m\u00e1s refinado y consciente es una muestra de la din\u00e1mica de la industria de la moda. Lo que una vez fue un imperio de glamur y opulencia ahora se est\u00e1 transformando en una plataforma que celebra la autenticidad y la sostenibilidad. La celebraci\u00f3n de la evoluci\u00f3n personal se convierte en un recordatorio poderoso de que la moda es un viaje continuo, donde cada elecci\u00f3n cuenta.<\/p>\n<p>Las audiencias est\u00e1n atentas; el renacer de Kylie no solo cautiva con su est\u00e9tica, sino que tambi\u00e9n invita a la reflexi\u00f3n sobre el consumismo y la identidad. La metamorfosis de esta ic\u00f3nica figura de la moda est\u00e1 destinada a dejar huella, impactando no solo su marca, sino tambi\u00e9n la manera en que la moda moderna se percibe y se vive. As\u00ed, el camino por delante se vislumbra lleno de posibilidades y nuevas narrativas por explorar.<\/p>\n<p><em> &#8221; Fuentes www.vogue.com &#8221; <\/em><\/p>\n","protected":false},"excerpt":{"rendered":"<p>La Evoluci\u00f3n del Estilo: Un Vistazo al Renacer de una Icono de la Moda En el vertiginoso mundo de la moda, la transformaci\u00f3n es la \u00fanica constante. Recientemente, una figura que ha capturado la atenci\u00f3n del p\u00fablico por a\u00f1os est\u00e1 iniciando un nuevo cap\u00edtulo en su trayectoria. Hablamos de Kylie Jenner, quien est\u00e1 redefiniendo su [&hellip;]<\/p>\n","protected":false},"author":14,"featured_media":1144864,"comment_status":"open","ping_status":"closed","sticky":false,"template":"","format":"standard","meta":{"om_disable_all_campaigns":false,"jnews-multi-image_gallery":[],"jnews_single_post":[],"jnews_primary_category":[],"jnews_social_meta":[],"footnotes":""},"categories":[144872],"tags":[72867,213994,237,73695,166,9625,17542,69354,70644,372,6194],"class_list":["post-1144863","post","type-post","status-publish","format-standard","has-post-thumbnail","hentry","category-fashion","tag-beauty","tag-brand-evolution","tag-celebrity","tag-entrepreneurship","tag-fashion","tag-influencer","tag-kylie-jenner","tag-latest","tag-personal-branding","tag-style","tag-trends"],"_links":{"self":[{"href":"https:\/\/dimensionturistica.com\/es\/wp-json\/wp\/v2\/posts\/1144863","targetHints":{"allow":["GET"]}}],"collection":[{"href":"https:\/\/dimensionturistica.com\/es\/wp-json\/wp\/v2\/posts"}],"about":[{"href":"https:\/\/dimensionturistica.com\/es\/wp-json\/wp\/v2\/types\/post"}],"author":[{"embeddable":true,"href":"https:\/\/dimensionturistica.com\/es\/wp-json\/wp\/v2\/users\/14"}],"replies":[{"embeddable":true,"href":"https:\/\/dimensionturistica.com\/es\/wp-json\/wp\/v2\/comments?post=1144863"}],"version-history":[{"count":1,"href":"https:\/\/dimensionturistica.com\/es\/wp-json\/wp\/v2\/posts\/1144863\/revisions"}],"predecessor-version":[{"id":1144865,"href":"https:\/\/dimensionturistica.com\/es\/wp-json\/wp\/v2\/posts\/1144863\/revisions\/1144865"}],"wp:featuredmedia":[{"embeddable":true,"href":"https:\/\/dimensionturistica.com\/es\/wp-json\/wp\/v2\/media\/1144864"}],"wp:attachment":[{"href":"https:\/\/dimensionturistica.com\/es\/wp-json\/wp\/v2\/media?parent=1144863"}],"wp:term":[{"taxonomy":"category","embeddable":true,"href":"https:\/\/dimensionturistica.com\/es\/wp-json\/wp\/v2\/categories?post=1144863"},{"taxonomy":"post_tag","embeddable":true,"href":"https:\/\/dimensionturistica.com\/es\/wp-json\/wp\/v2\/tags?post=1144863"}],"curies":[{"name":"wp","href":"https:\/\/api.w.org\/{rel}","templated":true}]}}