{"id":1144857,"date":"2026-04-27T08:28:13","date_gmt":"2026-04-27T08:28:13","guid":{"rendered":"https:\/\/dimensionturistica.com\/es\/?p=1144857"},"modified":"2026-04-27T08:28:13","modified_gmt":"2026-04-27T08:28:13","slug":"las-instituciones-educativas-continuan-confiando-en-viajes-kontiki","status":"publish","type":"post","link":"https:\/\/dimensionturistica.com\/es\/las-instituciones-educativas-continuan-confiando-en-viajes-kontiki\/","title":{"rendered":"\u00abLas instituciones educativas contin\u00faan confiando en Viajes Kontiki\u00bb"},"content":{"rendered":"<h3>Redescubriendo Mallorca: Turismo y Conciencia Ecol\u00f3gica<\/h3>\n<p>Mallorca, la joya del Mediterr\u00e1neo, no solo es famosa por sus impresionantes playas y su rica historia, sino que tambi\u00e9n se esfuerza por integrar la educaci\u00f3n ambiental en su oferta tur\u00edstica. Este enfoque no solo enriquece la experiencia del visitante, sino que tambi\u00e9n prepara el terreno para un futuro m\u00e1s sostenible.<\/p>\n<p>Imagina recorrer la costa mallorquina, donde el azul del mar se encuentra con la vegetaci\u00f3n exuberante. Mientras disfrutas del paisaje, un grupo de estudiantes locales se acerca para compartir su conocimiento sobre las especies aut\u00f3ctonas de flora y fauna. Este intercambio no solo es educativo, sino que permite a los turistas conectarse con la esencia de la isla a trav\u00e9s de los ojos de sus habitantes m\u00e1s j\u00f3venes.<\/p>\n<p>Adem\u00e1s, varios centros educativos de la isla se han embarcado en proyectos innovadores que fomentan el respeto por el medio ambiente y la diversidad cultural. Desde talleres sobre conservaci\u00f3n marina hasta actividades que promueven el reciclaje y la sostenibilidad, los estudiantes est\u00e1n tomando un papel activo, convirti\u00e9ndose en gu\u00edas de su propio entorno. Esta iniciativa no solo les empodera, sino que tambi\u00e9n ofrece a los visitantes una experiencia \u00fanica.<\/p>\n<p>Uno de los aspectos m\u00e1s fascinantes de esta propuesta es c\u00f3mo se ha integrado en la experiencia tur\u00edstica. Los visitantes ahora pueden optar por participar en actividades guiadas donde los j\u00f3venes de la isla les muestran m\u00e9todos tradicionales de cultivo, la historia de la producci\u00f3n de aceite de oliva o incluso rutas de senderismo que respetan el ecosistema local. Esta interacci\u00f3n directa con la comunidad no solo enriquece la vivencia, sino que tambi\u00e9n contribuye a la econom\u00eda local.<\/p>\n<p>La gastronom\u00eda, otro pilar del turismo en Mallorca, tambi\u00e9n juega un papel importante en esta iniciativa. Al promover productos locales y sostenibles, los bares y restaurantes de la isla no solo deleitan a los paladares, sino que tambi\u00e9n educan a los comensales sobre la importancia de consumir productos de km 0. Una cena en un restaurante de Palma, donde los ingredientes provienen de huertos cercanos, se convierte no solo en una experiencia culinaria, sino en un acto de conciencia.<\/p>\n<p>A medida que la demanda por un turismo m\u00e1s responsable crece, Mallorca se posiciona como un destino modelo, que combina diversi\u00f3n y educaci\u00f3n. La belleza de sus paisajes tambi\u00e9n forma parte de un esfuerzo concertado por preservar la rica biodiversidad que define a la isla. <\/p>\n<p>Adem\u00e1s, el compromiso de varias organizaciones locales y educativas con la sostenibilidad est\u00e1 sembrando las semillas para una transformaci\u00f3n significativa. Se est\u00e1n desarrollando cursos y actividades que no solo benefician a los estudiantes, sino que tambi\u00e9n invitan a los turistas a ser parte de este movimiento.<\/p>\n<p>Este enfoque hacia un turismo m\u00e1s consciente y participativo no solo mejora la experiencia del visitante, sino que tambi\u00e9n sirve como un recordatorio de la responsabilidad compartida que todos tenemos en la preservaci\u00f3n de nuestro entorno. Al final del d\u00eda, la verdadera magia de Mallorca radica en su gente y su capacidad de compartir su hogar de una manera que sea tanto alegre como reflexiva.<\/p>\n<p>As\u00ed que, la pr\u00f3xima vez que planifiques un viaje a esta maravillosa isla, considera no solo lo que puedes disfrutar, sino tambi\u00e9n lo que puedes aprender y compartir. Mallorca no es solo un destino, es una experiencia que invita a todos a ser parte de su historia en constante evoluci\u00f3n.<\/p>\n<p><em> &#8221; Fuentes www.diariodemallorca.es &#8221; <\/em><\/p>\n","protected":false},"excerpt":{"rendered":"<p>Redescubriendo Mallorca: Turismo y Conciencia Ecol\u00f3gica Mallorca, la joya del Mediterr\u00e1neo, no solo es famosa por sus impresionantes playas y su rica historia, sino que tambi\u00e9n se esfuerza por integrar la educaci\u00f3n ambiental en su oferta tur\u00edstica. Este enfoque no solo enriquece la experiencia del visitante, sino que tambi\u00e9n prepara el terreno para un futuro [&hellip;]<\/p>\n","protected":false},"author":4,"featured_media":1144858,"comment_status":"open","ping_status":"closed","sticky":false,"template":"","format":"standard","meta":{"om_disable_all_campaigns":false,"jnews-multi-image_gallery":[],"jnews_single_post":[],"jnews_primary_category":[],"jnews_social_meta":[],"footnotes":""},"categories":[39],"tags":[246418,10837,13872,40866,4569,3945,3336,42347,5482,775,74303,1772,19193,6883,544,545,277139],"class_list":["post-1144857","post","type-post","status-publish","format-standard","has-post-thumbnail","hentry","category-viajes","tag-actividades-extracurriculares","tag-aprendizaje","tag-centros","tag-centros-educativos","tag-colaboracion","tag-colectivos","tag-educacion","tag-educativos","tag-estudiantes","tag-innovacion","tag-iriondo","tag-mallorca","tag-monica","tag-siguen","tag-turismo","tag-viajes","tag-viajes-kontiki"],"_links":{"self":[{"href":"https:\/\/dimensionturistica.com\/es\/wp-json\/wp\/v2\/posts\/1144857","targetHints":{"allow":["GET"]}}],"collection":[{"href":"https:\/\/dimensionturistica.com\/es\/wp-json\/wp\/v2\/posts"}],"about":[{"href":"https:\/\/dimensionturistica.com\/es\/wp-json\/wp\/v2\/types\/post"}],"author":[{"embeddable":true,"href":"https:\/\/dimensionturistica.com\/es\/wp-json\/wp\/v2\/users\/4"}],"replies":[{"embeddable":true,"href":"https:\/\/dimensionturistica.com\/es\/wp-json\/wp\/v2\/comments?post=1144857"}],"version-history":[{"count":1,"href":"https:\/\/dimensionturistica.com\/es\/wp-json\/wp\/v2\/posts\/1144857\/revisions"}],"predecessor-version":[{"id":1144859,"href":"https:\/\/dimensionturistica.com\/es\/wp-json\/wp\/v2\/posts\/1144857\/revisions\/1144859"}],"wp:featuredmedia":[{"embeddable":true,"href":"https:\/\/dimensionturistica.com\/es\/wp-json\/wp\/v2\/media\/1144858"}],"wp:attachment":[{"href":"https:\/\/dimensionturistica.com\/es\/wp-json\/wp\/v2\/media?parent=1144857"}],"wp:term":[{"taxonomy":"category","embeddable":true,"href":"https:\/\/dimensionturistica.com\/es\/wp-json\/wp\/v2\/categories?post=1144857"},{"taxonomy":"post_tag","embeddable":true,"href":"https:\/\/dimensionturistica.com\/es\/wp-json\/wp\/v2\/tags?post=1144857"}],"curies":[{"name":"wp","href":"https:\/\/api.w.org\/{rel}","templated":true}]}}