{"id":1144834,"date":"2026-04-27T07:04:23","date_gmt":"2026-04-27T07:04:23","guid":{"rendered":"https:\/\/dimensionturistica.com\/es\/?p=1144834"},"modified":"2026-04-27T07:04:23","modified_gmt":"2026-04-27T07:04:23","slug":"realizo-dos-travesias-anuales-con-mis-cuatro-hijos-provienen-de-tres-madres-diferentes-y-cada-uno-reside-en-un-lugar-distinto-deseo-que-mantengan-la-union","status":"publish","type":"post","link":"https:\/\/dimensionturistica.com\/es\/realizo-dos-travesias-anuales-con-mis-cuatro-hijos-provienen-de-tres-madres-diferentes-y-cada-uno-reside-en-un-lugar-distinto-deseo-que-mantengan-la-union\/","title":{"rendered":"Realizo dos traves\u00edas anuales con mis cuatro hijos. Provienen de tres madres diferentes y cada uno reside en un lugar distinto; deseo que mantengan la uni\u00f3n."},"content":{"rendered":"<h3>Descubriendo el Mundo a Trav\u00e9s del Lente Familiar: Un Viaje con Alejandro Sanz<\/h3>\n<p>El universo del turismo puede transformarse en una experiencia inolvidable cuando se combina con la esencia de la familia. Este a\u00f1o, un famoso cantautor ha decidido establecer un nuevo enfoque en sus viajes, centr\u00e1ndose en la uni\u00f3n y en crear memorias inolvidables al lado de sus seres queridos.<\/p>\n<p>Alejandro Sanz, conocido no solo por sus exitosas melod\u00edas, sino tambi\u00e9n por su amor hacia la familia, ha expresado su deseo de llevar a cabo viajes que trasciendan lo superficial. En lugar de buscar destinos ex\u00f3ticos para escapar de la rutina, el artista ha elegido explorar lugares que fomenten la convivencia y la conexi\u00f3n emocional con sus hijos y sus acompa\u00f1antes m\u00e1s cercanos.<\/p>\n<h3>La Importancia de la Conexi\u00f3n Familiar<\/h3>\n<p>En un mundo donde la tecnolog\u00eda y el ritmo acelerado a menudo distorsionan las relaciones personales, Sanz enfatiza la necesidad de estar presentes, de vivir el momento con aquellos que m\u00e1s amamos. \u00c9l sostiene que cada viaje se convierte en una oportunidad para aprender y compartir experiencias significativas. Desde visitas a museos hasta excursiones en la naturaleza, cada actividad es un hilo que teje recuerdos valiosos.<\/p>\n<p>Su acercamiento no solo inspira a otros a repensar la forma en que viajan, sino que tambi\u00e9n resalta la importancia de la elecci\u00f3n del destino. Ya no se trata solo de lujo o glamour; se trata de encontrar espacios donde la risa y el amor sean protagonistas. <\/p>\n<h3>Destinos que Reforzan los V\u00ednculos<\/h3>\n<p>Imaginemos un verano en Italia, donde la familia se sumerge en la cultura local mientras aprende sobre la gastronom\u00eda tradicional. O tal vez un viaje a la costa de Espa\u00f1a, donde las tardes se convierten en momentos de conexi\u00f3n al compartir un picnic en la playa. Estos son solo ejemplos de c\u00f3mo los destinos pueden facilitar la uni\u00f3n familiar.<\/p>\n<p>Adem\u00e1s, los viajes de Alejandro han estado marcados por un enfoque en la sostenibilidad. Con el creciente inter\u00e9s por el turismo responsable, su decisi\u00f3n de explorar lugares que respetan el medio ambiente y las culturas locales refleja una preocupaci\u00f3n genuina por el planeta y sus habitantes.<\/p>\n<h3>Reflejando el Futuro Familiar<\/h3>\n<p>Sanz no solo promueve la idea de viajar, sino que tambi\u00e9n establece un est\u00e1ndar para las futuras generaciones. En su rol de padre, busca no solo entretener, sino educar. Cada viaje es una lecci\u00f3n que brinda a sus hijos la oportunidad de entender y apreciar el mundo en toda su diversidad.<\/p>\n<p>En la era de las redes sociales, donde compartir experiencias se ha convertido en la norma, el artista destaca que no debe ser una competencia por qui\u00e9n tiene las mejores fotos, sino un momento para disfrutar genuinamente.<\/p>\n<h3>Conclusi\u00f3n: Viajar con Prop\u00f3sito<\/h3>\n<p>El concepto de viaje familiar de Alejandro Sanz va m\u00e1s all\u00e1 de desplazarse de un lugar a otro; se trata de construir un legado a trav\u00e9s de la conexi\u00f3n vibrante entre padres e hijos. Estos viajes invitan a todos a reflexionar sobre lo que realmente valoramos al explorar el mundo. As\u00ed, el turismo cobra un nuevo significado: un camino hacia la uni\u00f3n y la comprensi\u00f3n, donde cada destino se convierte en un cap\u00edtulo valioso de una historia compartida.<\/p>\n<p>Al final del d\u00eda, lo que importa no son solo los lugares que visitamos, sino las historias que llevamos con nosotros. Un viaje no solo se mide en millas recorridas, sino en los lazos que fortalecemos a lo largo del camino. Y ese, sin duda, es el verdadero viaje que todos anhelamos vivir.<\/p>\n<p><em> &#8221; Fuentes www.elespanol.com &#8221; <\/em><\/p>\n","protected":false},"excerpt":{"rendered":"<p>Descubriendo el Mundo a Trav\u00e9s del Lente Familiar: Un Viaje con Alejandro Sanz El universo del turismo puede transformarse en una experiencia inolvidable cuando se combina con la esencia de la familia. Este a\u00f1o, un famoso cantautor ha decidido establecer un nuevo enfoque en sus viajes, centr\u00e1ndose en la uni\u00f3n y en crear memorias inolvidables [&hellip;]<\/p>\n","protected":false},"author":4,"featured_media":1144835,"comment_status":"open","ping_status":"closed","sticky":false,"template":"","format":"standard","meta":{"om_disable_all_campaigns":false,"jnews-multi-image_gallery":[],"jnews_single_post":[],"jnews_primary_category":[],"jnews_social_meta":[],"footnotes":""},"categories":[39],"tags":[62858,4514,17595,185933,2559,4224,2672,17910,182229,26153,189858,59205,192190,545],"class_list":["post-1144834","post","type-post","status-publish","format-standard","has-post-thumbnail","hentry","category-viajes","tag-alejandro-sanz","tag-cantantes","tag-convivencia","tag-crianza","tag-familias","tag-famosos","tag-hijos","tag-hijos-de-famosos","tag-jaydy-michel","tag-maternidad","tag-relaciones-familiares","tag-separacion","tag-union-familiar","tag-viajes"],"_links":{"self":[{"href":"https:\/\/dimensionturistica.com\/es\/wp-json\/wp\/v2\/posts\/1144834","targetHints":{"allow":["GET"]}}],"collection":[{"href":"https:\/\/dimensionturistica.com\/es\/wp-json\/wp\/v2\/posts"}],"about":[{"href":"https:\/\/dimensionturistica.com\/es\/wp-json\/wp\/v2\/types\/post"}],"author":[{"embeddable":true,"href":"https:\/\/dimensionturistica.com\/es\/wp-json\/wp\/v2\/users\/4"}],"replies":[{"embeddable":true,"href":"https:\/\/dimensionturistica.com\/es\/wp-json\/wp\/v2\/comments?post=1144834"}],"version-history":[{"count":1,"href":"https:\/\/dimensionturistica.com\/es\/wp-json\/wp\/v2\/posts\/1144834\/revisions"}],"predecessor-version":[{"id":1144836,"href":"https:\/\/dimensionturistica.com\/es\/wp-json\/wp\/v2\/posts\/1144834\/revisions\/1144836"}],"wp:featuredmedia":[{"embeddable":true,"href":"https:\/\/dimensionturistica.com\/es\/wp-json\/wp\/v2\/media\/1144835"}],"wp:attachment":[{"href":"https:\/\/dimensionturistica.com\/es\/wp-json\/wp\/v2\/media?parent=1144834"}],"wp:term":[{"taxonomy":"category","embeddable":true,"href":"https:\/\/dimensionturistica.com\/es\/wp-json\/wp\/v2\/categories?post=1144834"},{"taxonomy":"post_tag","embeddable":true,"href":"https:\/\/dimensionturistica.com\/es\/wp-json\/wp\/v2\/tags?post=1144834"}],"curies":[{"name":"wp","href":"https:\/\/api.w.org\/{rel}","templated":true}]}}