{"id":1144777,"date":"2026-04-27T03:28:12","date_gmt":"2026-04-27T03:28:12","guid":{"rendered":"https:\/\/dimensionturistica.com\/es\/?p=1144777"},"modified":"2026-04-27T03:28:12","modified_gmt":"2026-04-27T03:28:12","slug":"54-reflexiones-sobre-el-episodio-3-de-la-temporada-3-de-euphoria","status":"publish","type":"post","link":"https:\/\/dimensionturistica.com\/es\/54-reflexiones-sobre-el-episodio-3-de-la-temporada-3-de-euphoria\/","title":{"rendered":"54 Reflexiones Sobre el Episodio 3 de la Temporada 3 de \u2018Euphoria\u2019"},"content":{"rendered":"<h3>El Estilo y la Narrativa Visual: La Influencia de Euphoria en la Moda Contempor\u00e1nea<\/h3>\n<p>En el vibrante mundo de la moda, pocos fen\u00f3menos han capturado la atenci\u00f3n como lo ha hecho la serie <em>Euphoria<\/em>. Con su estela de audacia y colorido, esta producci\u00f3n se ha consolidado no solo como un referente en la narrativa juvenil, sino tambi\u00e9n como un aut\u00e9ntico manantial de inspiraci\u00f3n para las tendencias actuales. En el tercer episodio de la tercera temporada, se entrelazan elementos narrativos y est\u00e9ticos que ofrecen un fest\u00edn visual digno de an\u00e1lisis.<\/p>\n<h4>La Paleta de Colores como Reflejo Emocional<\/h4>\n<p>La serie se caracteriza por una paleta de colores electrizantes que van m\u00e1s all\u00e1 de lo superficial. Cada elecci\u00f3n crom\u00e1tica es un grito sutil de los estados emocionales de los personajes. Desde tonos ne\u00f3n hasta matices pastel, cada escena es meticulosamente dise\u00f1ada para reflejar la intensidad de las luchas internas y externas de los protagonistas. Este enfoque ha llevado a la moda a experimentar con arreglos de colores audaces, inspirando a dise\u00f1adores a explorar combinaciones inesperadas.<\/p>\n<h4>Accesorios que Cuentan Historias<\/h4>\n<p>Los accesorios en <em>Euphoria<\/em> son m\u00e1s que simples complementos; son extensiones de la identidad de los personajes. Desde joyas extravagantes hasta detalles estil\u00edsticos que marcan la diferencia, estos elementos proporcionan una profundidad narrativa que resuena con los espectadores. La tendencia actual en el mundo de la moda enfatiza la singularidad, invitando a las personas a expresarse a trav\u00e9s de piezas statement que cuentan su propia historia.<\/p>\n<h4>La Influencia de la Generaci\u00f3n Z<\/h4>\n<p>Euphoria tambi\u00e9n act\u00faa como un espejo que refleja la cultura de la Generaci\u00f3n Z, que cada vez establece sus propias reglas en cuanto a estilo y autoconfianza. La est\u00e9tica del poder personal se abre paso en un mundo donde la autenticidad es tendencia. Este fen\u00f3meno ha empoderado a j\u00f3venes dise\u00f1adores a adoptar un enfoque m\u00e1s inclusivo y diverso, promoviendo la representaci\u00f3n en todas sus formas.<\/p>\n<h4>La Moda y la Psicolog\u00eda<\/h4>\n<p>La profundidad emocional de la serie invita a reflexionar sobre el impacto de la moda en la salud mental. El vestuario se convierte en una forma de terapia y expresi\u00f3n en lugar de una mera elecci\u00f3n est\u00e9tica. Los dise\u00f1adores est\u00e1n tomando nota, creando colecciones que no solo visten el cuerpo, sino que tambi\u00e9n abordan la psique.<\/p>\n<h4>La Est\u00e9tica del Futuro<\/h4>\n<p>Euphoria ha establecido un nuevo est\u00e1ndar de est\u00e9tica visual que ya se comienza a ver en las pasarelas. La fusi\u00f3n de moda, arte y narrativa ha creado una conversaci\u00f3n en la que cada episodio, cada look, resuena m\u00e1s all\u00e1 de su contexto. La temporada actual sugiere que el futuro de la moda podr\u00eda estar marcado por este enfoque multidimensional, donde los estilos no son \u00fanicamente tendencias, sino herramientas para la autoexpresi\u00f3n y la exploraci\u00f3n de la identidad.<\/p>\n<p>En conclusi\u00f3n, Euphoria se ha convertido en un fen\u00f3meno cultural que, a trav\u00e9s de su enfoque audaz en la moda y la est\u00e9tica, invita a los espectadores a un viaje en el que cada elecci\u00f3n estil\u00edstica puede ser un reflejo de su propio mundo interno. La serie no solo desaf\u00eda las normas, sino que redefine lo que significa estar a la moda en un paisaje contempor\u00e1neo en constante evoluci\u00f3n. La pr\u00f3xima vez que sintonices un episodio, observa m\u00e1s all\u00e1 de los visuales: cada prenda, cada color, cada accesorio est\u00e1 invitando a una conversaci\u00f3n sobre la identidad y la expresi\u00f3n personal. \u00a1Bienvenidos al futuro de la moda!<\/p>\n<p><em> &#8221; Fuentes www.vogue.com &#8221; <\/em><\/p>\n","protected":false},"excerpt":{"rendered":"<p>El Estilo y la Narrativa Visual: La Influencia de Euphoria en la Moda Contempor\u00e1nea En el vibrante mundo de la moda, pocos fen\u00f3menos han capturado la atenci\u00f3n como lo ha hecho la serie Euphoria. Con su estela de audacia y colorido, esta producci\u00f3n se ha consolidado no solo como un referente en la narrativa juvenil, [&hellip;]<\/p>\n","protected":false},"author":14,"featured_media":1144778,"comment_status":"open","ping_status":"closed","sticky":false,"template":"","format":"standard","meta":{"om_disable_all_campaigns":false,"jnews-multi-image_gallery":[],"jnews_single_post":[],"jnews_primary_category":[],"jnews_social_meta":[],"footnotes":""},"categories":[144872],"tags":[77795,73866,489,225,229456,209235,286,773,200997,96941,1390,137485,200581,25016,217332,72504,159743,198621,207480,373],"class_list":["post-1144777","post","type-post","status-publish","format-standard","has-post-thumbnail","hentry","category-fashion","tag-analysis","tag-characters","tag-drama","tag-entertainment","tag-episode-3","tag-euphoria","tag-media","tag-opinion","tag-plot","tag-reactions","tag-review","tag-season-3","tag-splitscreenimageleftfullbleed","tag-storytelling","tag-storytypelist","tag-themes","tag-thoughts","tag-tv-movies","tag-tv-show","tag-web"],"_links":{"self":[{"href":"https:\/\/dimensionturistica.com\/es\/wp-json\/wp\/v2\/posts\/1144777","targetHints":{"allow":["GET"]}}],"collection":[{"href":"https:\/\/dimensionturistica.com\/es\/wp-json\/wp\/v2\/posts"}],"about":[{"href":"https:\/\/dimensionturistica.com\/es\/wp-json\/wp\/v2\/types\/post"}],"author":[{"embeddable":true,"href":"https:\/\/dimensionturistica.com\/es\/wp-json\/wp\/v2\/users\/14"}],"replies":[{"embeddable":true,"href":"https:\/\/dimensionturistica.com\/es\/wp-json\/wp\/v2\/comments?post=1144777"}],"version-history":[{"count":1,"href":"https:\/\/dimensionturistica.com\/es\/wp-json\/wp\/v2\/posts\/1144777\/revisions"}],"predecessor-version":[{"id":1144779,"href":"https:\/\/dimensionturistica.com\/es\/wp-json\/wp\/v2\/posts\/1144777\/revisions\/1144779"}],"wp:featuredmedia":[{"embeddable":true,"href":"https:\/\/dimensionturistica.com\/es\/wp-json\/wp\/v2\/media\/1144778"}],"wp:attachment":[{"href":"https:\/\/dimensionturistica.com\/es\/wp-json\/wp\/v2\/media?parent=1144777"}],"wp:term":[{"taxonomy":"category","embeddable":true,"href":"https:\/\/dimensionturistica.com\/es\/wp-json\/wp\/v2\/categories?post=1144777"},{"taxonomy":"post_tag","embeddable":true,"href":"https:\/\/dimensionturistica.com\/es\/wp-json\/wp\/v2\/tags?post=1144777"}],"curies":[{"name":"wp","href":"https:\/\/api.w.org\/{rel}","templated":true}]}}