{"id":1144754,"date":"2026-04-27T02:13:10","date_gmt":"2026-04-27T02:13:10","guid":{"rendered":"https:\/\/dimensionturistica.com\/es\/?p=1144754"},"modified":"2026-04-27T02:13:10","modified_gmt":"2026-04-27T02:13:10","slug":"valencia-barcelona-y-bilbao-reciben-la-primera-edicion-del-hub-de-movilidad-y-viajes","status":"publish","type":"post","link":"https:\/\/dimensionturistica.com\/es\/valencia-barcelona-y-bilbao-reciben-la-primera-edicion-del-hub-de-movilidad-y-viajes\/","title":{"rendered":"Valencia, Barcelona y Bilbao reciben la Primera Edici\u00f3n del Hub de Movilidad y Viajes."},"content":{"rendered":"<h3>Descubriendo la Movilidad del Futuro: La I Edici\u00f3n de Mobility Travel Hub<\/h3>\n<p>La movilidad urbana est\u00e1 experimentando una transformaci\u00f3n sin precedentes, y tres de las ciudades m\u00e1s vibrantes de Espa\u00f1a se han convertido en el epicentro de esta evoluci\u00f3n. Valencia, Barcelona y Bilbao acogen la primera edici\u00f3n de Mobility Travel Hub, un evento que promete ser un punto de encuentro clave para explorar el futuro del transporte y su impacto en el turismo.<\/p>\n<h4>Innovaci\u00f3n sobre Ruedas<\/h4>\n<p>Desde el 10 hasta el 12 de noviembre, estos tres destinos emblem\u00e1ticos abrir\u00e1n sus puertas a l\u00edderes de la industria, innovadores tecnol\u00f3gicos y entusiastas de la movilidad sostenible. La agenda del evento incluye conferencias, talleres y exposiciones que abordar\u00e1n temas esenciales como la electrificaci\u00f3n del transporte, la movilidad compartida y la importancia de construir ciudades inteligentes.<\/p>\n<p>Valencia, conocida por su riqueza cultural y su relaci\u00f3n con el mar, ser\u00e1 la primera parada. La Ciudad de las Artes y las Ciencias servir\u00e1 como escenario para discusiones sobre las soluciones innovadoras que est\u00e1n moldeando el futuro del transporte en zonas urbanas. Aqu\u00ed, los asistentes tendr\u00e1n la oportunidad de conocer de primera mano las iniciativas que est\u00e1n revolucionando la movilidad y c\u00f3mo estas pueden influir en el turismo de la ciudad.<\/p>\n<h4>Barcelona: Conectando Ideas<\/h4>\n<p>Barcelona se sumar\u00e1 al evento, ofreciendo un espacio para el intercambio de ideas y experiencias entre los distintos actores que transforman la movilidad. Con su fama como capital del dise\u00f1o y la innovaci\u00f3n, la ciudad se presentar\u00e1 como una plataforma ideal para abordar c\u00f3mo la tecnolog\u00eda puede mejorar la experiencia de los viajeros, haciendo de la ciudad un lugar m\u00e1s accesible y amigable para todos.<\/p>\n<p>En este contexto, los asistentes podr\u00e1n aprender sobre las \u00faltimas tendencias en transporte sostenido, desde bicicletas el\u00e9ctricas hasta sistemas de transporte p\u00fablico optimizados. Adem\u00e1s, Barcelona busca demostrar que el progreso y la sostenibilidad pueden ir de la mano, creando un entorno propicio para el disfrute del turismo.<\/p>\n<h4>Bilbao: Un Futuro Sostenible<\/h4>\n<p>Por \u00faltimo, Bilbao cerrar\u00e1 este ciclo de conferencias y actividades con un enfoque en la movilidad sostenible y su relaci\u00f3n con la vida urbana. La ciudad, que ha sabido reinventarse despu\u00e9s de su \u00e9poca industrial, se erige como un modelo de modernidad y compromiso ambiental. En este sentido, Mobility Travel Hub se alinear\u00e1 con los esfuerzos de Bilbao por fomentar un turismo m\u00e1s responsable y consciente del impacto ambiental.<\/p>\n<p>Los participantes podr\u00e1n participar en paneles sobre las pol\u00edticas de movilidad que se est\u00e1n implementando en la regi\u00f3n, adem\u00e1s de explorar c\u00f3mo estos cambios pueden enriquecer la experiencia de los visitantes. La gastronom\u00eda, la cultura y la hospitalidad bilba\u00edna no solo se ver\u00e1n favorecidas, sino que tambi\u00e9n se integrar\u00e1n en un enfoque m\u00e1s hol\u00edstico de la movilidad.<\/p>\n<h4>Un Llamado a la Acci\u00f3n<\/h4>\n<p>Este evento no solo se trata de discutir el futuro, sino de actuar. La I Edici\u00f3n de Mobility Travel Hub representa una oportunidad unique para que profesionales y apasionados del turismo se unan en la b\u00fasqueda de soluciones innovadoras. La red de contactos que se formar\u00e1 durante estos d\u00edas puede ser la chispa que encienda proyectos innovadores, colaboraciones fruct\u00edferas y alianzas estrat\u00e9gicas.<\/p>\n<p>Si te interesa el avance del transporte y su interacci\u00f3n con la industria del turismo, no puedes dejar pasar la oportunidad de formar parte de Mobility Travel Hub. La movilidad del futuro est\u00e1 aqu\u00ed, y cada una de estas ciudades est\u00e1 lista para mostrar el camino a seguir. <\/p>\n<p>Ven a ser parte de este emocionante cap\u00edtulo en la historia del turismo y la movilidad urbana. \u00a1El futuro comienza ahora!<\/p>\n<p><em> &#8221; Sources gacetadelturismo.com &#8221; <\/em><\/p>\n","protected":false},"excerpt":{"rendered":"<p>Descubriendo la Movilidad del Futuro: La I Edici\u00f3n de Mobility Travel Hub La movilidad urbana est\u00e1 experimentando una transformaci\u00f3n sin precedentes, y tres de las ciudades m\u00e1s vibrantes de Espa\u00f1a se han convertido en el epicentro de esta evoluci\u00f3n. Valencia, Barcelona y Bilbao acogen la primera edici\u00f3n de Mobility Travel Hub, un evento que promete [&hellip;]<\/p>\n","protected":false},"author":4,"featured_media":1144757,"comment_status":"open","ping_status":"closed","sticky":false,"template":"","format":"standard","meta":{"om_disable_all_campaigns":false,"jnews-multi-image_gallery":[],"jnews_single_post":[],"jnews_primary_category":[],"jnews_social_meta":[],"footnotes":""},"categories":[40],"tags":[2917,1742,723,126199,775,273043,1347,544,2769],"class_list":["post-1144754","post","type-post","status-publish","format-standard","has-post-thumbnail","hentry","category-industria","tag-barcelona","tag-bilbao","tag-evento","tag-i-edicion","tag-innovacion","tag-mobility-travel-hub","tag-movilidad","tag-turismo","tag-valencia"],"_links":{"self":[{"href":"https:\/\/dimensionturistica.com\/es\/wp-json\/wp\/v2\/posts\/1144754","targetHints":{"allow":["GET"]}}],"collection":[{"href":"https:\/\/dimensionturistica.com\/es\/wp-json\/wp\/v2\/posts"}],"about":[{"href":"https:\/\/dimensionturistica.com\/es\/wp-json\/wp\/v2\/types\/post"}],"author":[{"embeddable":true,"href":"https:\/\/dimensionturistica.com\/es\/wp-json\/wp\/v2\/users\/4"}],"replies":[{"embeddable":true,"href":"https:\/\/dimensionturistica.com\/es\/wp-json\/wp\/v2\/comments?post=1144754"}],"version-history":[{"count":1,"href":"https:\/\/dimensionturistica.com\/es\/wp-json\/wp\/v2\/posts\/1144754\/revisions"}],"predecessor-version":[{"id":1144758,"href":"https:\/\/dimensionturistica.com\/es\/wp-json\/wp\/v2\/posts\/1144754\/revisions\/1144758"}],"wp:featuredmedia":[{"embeddable":true,"href":"https:\/\/dimensionturistica.com\/es\/wp-json\/wp\/v2\/media\/1144757"}],"wp:attachment":[{"href":"https:\/\/dimensionturistica.com\/es\/wp-json\/wp\/v2\/media?parent=1144754"}],"wp:term":[{"taxonomy":"category","embeddable":true,"href":"https:\/\/dimensionturistica.com\/es\/wp-json\/wp\/v2\/categories?post=1144754"},{"taxonomy":"post_tag","embeddable":true,"href":"https:\/\/dimensionturistica.com\/es\/wp-json\/wp\/v2\/tags?post=1144754"}],"curies":[{"name":"wp","href":"https:\/\/api.w.org\/{rel}","templated":true}]}}