{"id":1144728,"date":"2026-04-27T00:08:52","date_gmt":"2026-04-27T00:08:52","guid":{"rendered":"https:\/\/dimensionturistica.com\/es\/?p=1144728"},"modified":"2026-04-27T00:08:52","modified_gmt":"2026-04-27T00:08:52","slug":"ultima-llamada-para-inscribirse-en-los-viajes-del-imserso-solo-quedan-3-dias","status":"publish","type":"post","link":"https:\/\/dimensionturistica.com\/es\/ultima-llamada-para-inscribirse-en-los-viajes-del-imserso-solo-quedan-3-dias\/","title":{"rendered":"\u00daltima llamada para inscribirse en los viajes del Imserso: \u00a1solo quedan 3 d\u00edas!"},"content":{"rendered":"<h3>Descubre Un Nuevo Horizonte: Los Viajes del Imserso para la Temporada 2025-2026<\/h3>\n<p>Cuando se trata de viajar, la planificaci\u00f3n y la anticipaci\u00f3n son clave. En este sentido, las propuestas de turismo para personas mayores que el Imserso presenta cada a\u00f1o se convierten en una opci\u00f3n especialmente atractiva. Con solo tres d\u00edas restantes para solicitar plaza para la temporada 2025-2026, es el momento perfecto para explorar lo que estos viajes pueden ofrecerte.<\/p>\n<p><strong>Un Programa a Medida<\/strong><\/p>\n<p>Los viajes del Imserso est\u00e1n dise\u00f1ados pensando en el bienestar y la comodidad de los seniors. Este programa no solo pone a disposici\u00f3n de los viajeros una variedad de destinos, sino que tambi\u00e9n promueve la socializaci\u00f3n y el disfrute de experiencias compartidas. Desde escapadas de relax en la costa hasta recorridos culturales por ciudades hist\u00f3ricas, las opciones son tan variadas como estimulantes.<\/p>\n<p><strong>Destinos que Enamoran<\/strong><\/p>\n<p>Imagina caminar por las estrechas calles de un antiguo pueblo costero, disfrutar de una cena con vistas al mar o contemplar la majestuosidad de monumentos que han resistido la prueba del tiempo. Los destinos seleccionados incluyen tanto parajes emblem\u00e1ticos como lugares menos conocidos, cada uno prometiendo una experiencia \u00fanica. Los paquetes suelen incluir excursiones guiadas, actividades y, en muchos casos, alojamiento con pensi\u00f3n completa, lo que facilita a\u00fan m\u00e1s la experiencia.<\/p>\n<p><strong>Beneficios M\u00e1s All\u00e1 del Viaje<\/strong><\/p>\n<p>Adem\u00e1s de los paisajes y la cultura, estos viajes tambi\u00e9n fomentan la salud y el bienestar a trav\u00e9s de la movilidad y la conexi\u00f3n interpersonal. Viajar ayuda a mantener la mente activa y estimula la curiosidad, dejando atr\u00e1s la rutina diaria. Conocer nuevos amigos y compartir momentos especiales en un viaje resulta en un enriquecimiento personal que va m\u00e1s all\u00e1 de las fotos y recuerdos.<\/p>\n<p><strong>C\u00f3mo Aprovechar Esta Oportunidad<\/strong><\/p>\n<p>Si est\u00e1s considerando unirte a esta aventura, es importante que act\u00faes r\u00e1pidamente. Con un plazo tan ajustado, la clave est\u00e1 en informarte y preparar tu solicitud con la mayor antelaci\u00f3n posible. Los viajes del Imserso suelen llenar r\u00e1pidamente, as\u00ed que aseg\u00farate de estar en la lista y asegurarte tu lugar en el pr\u00f3ximo cap\u00edtulo de tu historia viajera.<\/p>\n<p><strong>Conclusi\u00f3n<\/strong><\/p>\n<p>Los viajes del Imserso representan una ventana a nuevas experiencias y oportunidades de disfrutar de la vida. Con un enfoque claro en el bienestar y la satisfacci\u00f3n del viajero, ofrecen una alternativa de calidad para explorar el mundo y fortalecer lazos sociales. No dejes pasar la oportunidad de ser parte de esta magn\u00edfica aventura; \u00a1el destino te est\u00e1 esperando!<\/p>\n<p><em> &#8221; Fuentes www.hosteltur.com &#8221; <\/em><\/p>\n","protected":false},"excerpt":{"rendered":"<p>Descubre Un Nuevo Horizonte: Los Viajes del Imserso para la Temporada 2025-2026 Cuando se trata de viajar, la planificaci\u00f3n y la anticipaci\u00f3n son clave. En este sentido, las propuestas de turismo para personas mayores que el Imserso presenta cada a\u00f1o se convierten en una opci\u00f3n especialmente atractiva. Con solo tres d\u00edas restantes para solicitar plaza [&hellip;]<\/p>\n","protected":false},"author":4,"featured_media":1144729,"comment_status":"open","ping_status":"closed","sticky":false,"template":"","format":"standard","meta":{"om_disable_all_campaigns":false,"jnews-multi-image_gallery":[],"jnews_single_post":[],"jnews_primary_category":[],"jnews_social_meta":[],"footnotes":""},"categories":[39],"tags":[180424,813,4507,232820,9751,3347,6669,8402,544,37326,10391,23461,545,819,32636],"class_list":["post-1144728","post","type-post","status-publish","format-standard","has-post-thumbnail","hentry","category-viajes","tag-fechas-limite","tag-imserso","tag-jubilados","tag-noticias-destacadas-turismo","tag-oportunidades","tag-plaza","tag-plazo","tag-solicitar","tag-turismo","tag-turismo-jubilados","tag-turismo-senior","tag-turistas-de-tercera-edad","tag-viajes","tag-viajes-imserso","tag-viajes-para-mayores"],"_links":{"self":[{"href":"https:\/\/dimensionturistica.com\/es\/wp-json\/wp\/v2\/posts\/1144728","targetHints":{"allow":["GET"]}}],"collection":[{"href":"https:\/\/dimensionturistica.com\/es\/wp-json\/wp\/v2\/posts"}],"about":[{"href":"https:\/\/dimensionturistica.com\/es\/wp-json\/wp\/v2\/types\/post"}],"author":[{"embeddable":true,"href":"https:\/\/dimensionturistica.com\/es\/wp-json\/wp\/v2\/users\/4"}],"replies":[{"embeddable":true,"href":"https:\/\/dimensionturistica.com\/es\/wp-json\/wp\/v2\/comments?post=1144728"}],"version-history":[{"count":1,"href":"https:\/\/dimensionturistica.com\/es\/wp-json\/wp\/v2\/posts\/1144728\/revisions"}],"predecessor-version":[{"id":1144730,"href":"https:\/\/dimensionturistica.com\/es\/wp-json\/wp\/v2\/posts\/1144728\/revisions\/1144730"}],"wp:featuredmedia":[{"embeddable":true,"href":"https:\/\/dimensionturistica.com\/es\/wp-json\/wp\/v2\/media\/1144729"}],"wp:attachment":[{"href":"https:\/\/dimensionturistica.com\/es\/wp-json\/wp\/v2\/media?parent=1144728"}],"wp:term":[{"taxonomy":"category","embeddable":true,"href":"https:\/\/dimensionturistica.com\/es\/wp-json\/wp\/v2\/categories?post=1144728"},{"taxonomy":"post_tag","embeddable":true,"href":"https:\/\/dimensionturistica.com\/es\/wp-json\/wp\/v2\/tags?post=1144728"}],"curies":[{"name":"wp","href":"https:\/\/api.w.org\/{rel}","templated":true}]}}