{"id":1144646,"date":"2026-04-26T17:46:03","date_gmt":"2026-04-26T17:46:03","guid":{"rendered":"https:\/\/dimensionturistica.com\/es\/?p=1144646"},"modified":"2026-04-26T17:46:03","modified_gmt":"2026-04-26T17:46:03","slug":"anuncian-tripleten-y-liverpool-alianza-para-impulsar-la-empleabilidad-en-mexico","status":"publish","type":"post","link":"https:\/\/dimensionturistica.com\/es\/anuncian-tripleten-y-liverpool-alianza-para-impulsar-la-empleabilidad-en-mexico\/","title":{"rendered":"Anuncian TripleTen Y Liverpool alianza para impulsar la empleabilidad en M\u00e9xico \u00a0"},"content":{"rendered":"\n<p>TripleTen, plataforma internacional de formaci\u00f3n en talento tecnol\u00f3gico, y Liverpool, empresa l\u00edder en comercio unificado y retail, anunciaron una alianza estrat\u00e9gica enfocada en ampliar las oportunidades de empleo tecnol\u00f3gico, fortalecer el ecosistema digital del pa\u00eds y contribuir a la consolidaci\u00f3n de M\u00e9xico como un hub tecnol\u00f3gico global en crecimiento.<\/p>\n\n\n\n<p>Esta colaboraci\u00f3n conecta directamente la formaci\u00f3n tecnol\u00f3gica con las necesidades reales de la industria y refuerza el posicionamiento de Liverpool como una empresa visionaria que apuesta por la innovaci\u00f3n, el talento digital y el desarrollo profesional en M\u00e9xico.<\/p>\n\n\n\n<figure class=\"wp-block-gallery has-nested-images columns-default is-cropped wp-block-gallery-1 is-layout-flex wp-block-gallery-is-layout-flex\">\n<figure class=\"wp-block-image size-large\"><img decoding=\"async\" width=\"500\" height=\"328\" data-id=\"1144647\" src=\"https:\/\/dimensionturistica.com\/es\/wp-content\/uploads\/2026\/04\/3LIVER.jpg\" alt=\"\" class=\"wp-image-1144647\" srcset=\"https:\/\/dimensionturistica.com\/es\/wp-content\/uploads\/2026\/04\/3LIVER.jpg 500w, https:\/\/dimensionturistica.com\/es\/wp-content\/uploads\/2026\/04\/3LIVER-300x197.jpg 300w\" sizes=\"(max-width: 500px) 100vw, 500px\" \/><\/figure>\n<\/figure>\n\n\n\n<p>La colaboraci\u00f3n se encuentra activa y contempla dos ejes principales: el Programa de Desarrollo de Proyectos Profesionales en UX\/UI (externship), lanzado en enero de 2026, con una duraci\u00f3n de tres meses, en el que participan estudiantes en etapa final y reci\u00e9n graduados del bootcamp de UX\/UI de TripleTen. El cual tiene como objetivo brindar experiencia pr\u00e1ctica real a trav\u00e9s del desarrollo de proyectos digitales de Liverpool. Asimismo, permite a los estudiantes construir portafolios profesionales con proyectos reales, mientras Liverpool accede a talento preparado para integrarse al entorno laboral.<\/p>\n\n\n\n<p>Actualmente, un grupo de estudiantes colabora con Liverpool en la optimizaci\u00f3n de la secci\u00f3n de \u201cServicios\u201d de su aplicaci\u00f3n. El proyecto tiene como objetivo potenciar la experiencia del usuario en esta secci\u00f3n \u2013que integra opciones como seguros, viajes y mesas de regalos\u2013, mediante una organizaci\u00f3n de contenidos m\u00e1s \u00e1gil y una interfaz a\u00fan m\u00e1s intuitiva y atractiva. A trav\u00e9s de este proceso de redise\u00f1o y validaci\u00f3n con usuarios reales, los estudiantes entregar\u00e1n prototipos finales y documentaci\u00f3n t\u00e9cnica listos para su potencial implementaci\u00f3n. Esta din\u00e1mica permite a Liverpool identificar talento de alto desempe\u00f1o en tiempo real, lo que abre la posibilidad de que los participantes destacados se integren formalmente al equipo de la compa\u00f1\u00eda tras evaluar su desempe\u00f1o pr\u00e1ctico durante la pasant\u00eda.<\/p>\n\n\n\n<p>Otro eje de la colaboraci\u00f3n son las ferias de empleo y acceso al reclutamiento en las que Liverpool participa activamente, interactuando directamente con estudiantes y reci\u00e9n graduados. La primera edici\u00f3n, realizada en diciembre, cont\u00f3 con la participaci\u00f3n de m\u00e1s de 150 estudiantes de TripleTen, quienes fueron invitados a postular a distintos roles en Liverpool. La feria estuvo enfocada en talento tecnol\u00f3gico en M\u00e9xico, alineado con las necesidades de contrataci\u00f3n de Liverpool, y se prev\u00e9 que este formato contin\u00fae de manera peri\u00f3dica, con una calendarizaci\u00f3n definida a partir de los resultados obtenidos.<\/p>\n\n\n\n<figure class=\"wp-block-gallery has-nested-images columns-default is-cropped wp-block-gallery-2 is-layout-flex wp-block-gallery-is-layout-flex\">\n<figure class=\"wp-block-image size-large\"><img decoding=\"async\" width=\"500\" height=\"270\" data-id=\"1144648\" src=\"https:\/\/dimensionturistica.com\/es\/wp-content\/uploads\/2026\/04\/6LIVER.jpg\" alt=\"\" class=\"wp-image-1144648\" srcset=\"https:\/\/dimensionturistica.com\/es\/wp-content\/uploads\/2026\/04\/6LIVER.jpg 500w, https:\/\/dimensionturistica.com\/es\/wp-content\/uploads\/2026\/04\/6LIVER-300x162.jpg 300w\" sizes=\"(max-width: 500px) 100vw, 500px\" \/><\/figure>\n<\/figure>\n\n\n\n<p>\u201cLa colaboraci\u00f3n entre TripleTen y Liverpool refleja una visi\u00f3n compartida: desarrollar profesionales tecnol\u00f3gicos de alta calidad, fortalecer la innovaci\u00f3n en el retail y, al mismo tiempo, contribuir al crecimiento del ecosistema tecnol\u00f3gico mexicano. Con este acuerdo, TripleTen refuerza su compromiso con la formaci\u00f3n orientada a experiencias pr\u00e1cticas reales y a la empleabilidad de sus estudiantes\u201d, se\u00f1al\u00f3 Natalia Moiola, CEO de TripleTen LATAM.<\/p>\n\n\n\n<p>Para TripleTen, esta alianza abre mayores oportunidades de empleo y experiencia pr\u00e1ctica para los estudiantes, as\u00ed como una integraci\u00f3n m\u00e1s cercana entre la educaci\u00f3n y las necesidades de la industria tecnol\u00f3gica en M\u00e9xico. Por su parte, Liverpool obtiene acceso a talento tecnol\u00f3gico listo para incorporarse al mercado laboral y, al mismo tiempo, fortalece su imagen como empleador dentro de la comunidad tecnol\u00f3gica y digital de M\u00e9xico, reforzando su papel como minorista visionario dispuesto a invertir en innovaci\u00f3n y en las personas.<\/p>\n","protected":false},"excerpt":{"rendered":"<p>TripleTen, plataforma internacional de formaci\u00f3n en talento tecnol\u00f3gico, y Liverpool, empresa l\u00edder en comercio unificado y retail, anunciaron una alianza estrat\u00e9gica enfocada en ampliar las oportunidades de empleo tecnol\u00f3gico, fortalecer el ecosistema digital del pa\u00eds y contribuir a la consolidaci\u00f3n de M\u00e9xico como un hub tecnol\u00f3gico global en crecimiento. Esta colaboraci\u00f3n conecta directamente la formaci\u00f3n [&hellip;]<\/p>\n","protected":false},"author":1,"featured_media":1144649,"comment_status":"open","ping_status":"closed","sticky":false,"template":"","format":"standard","meta":{"om_disable_all_campaigns":false,"jnews-multi-image_gallery":[],"jnews_single_post":[],"jnews_primary_category":[],"jnews_social_meta":[],"footnotes":""},"categories":[144872],"tags":[],"class_list":["post-1144646","post","type-post","status-publish","format-standard","has-post-thumbnail","hentry","category-fashion"],"_links":{"self":[{"href":"https:\/\/dimensionturistica.com\/es\/wp-json\/wp\/v2\/posts\/1144646","targetHints":{"allow":["GET"]}}],"collection":[{"href":"https:\/\/dimensionturistica.com\/es\/wp-json\/wp\/v2\/posts"}],"about":[{"href":"https:\/\/dimensionturistica.com\/es\/wp-json\/wp\/v2\/types\/post"}],"author":[{"embeddable":true,"href":"https:\/\/dimensionturistica.com\/es\/wp-json\/wp\/v2\/users\/1"}],"replies":[{"embeddable":true,"href":"https:\/\/dimensionturistica.com\/es\/wp-json\/wp\/v2\/comments?post=1144646"}],"version-history":[{"count":1,"href":"https:\/\/dimensionturistica.com\/es\/wp-json\/wp\/v2\/posts\/1144646\/revisions"}],"predecessor-version":[{"id":1144650,"href":"https:\/\/dimensionturistica.com\/es\/wp-json\/wp\/v2\/posts\/1144646\/revisions\/1144650"}],"wp:featuredmedia":[{"embeddable":true,"href":"https:\/\/dimensionturistica.com\/es\/wp-json\/wp\/v2\/media\/1144649"}],"wp:attachment":[{"href":"https:\/\/dimensionturistica.com\/es\/wp-json\/wp\/v2\/media?parent=1144646"}],"wp:term":[{"taxonomy":"category","embeddable":true,"href":"https:\/\/dimensionturistica.com\/es\/wp-json\/wp\/v2\/categories?post=1144646"},{"taxonomy":"post_tag","embeddable":true,"href":"https:\/\/dimensionturistica.com\/es\/wp-json\/wp\/v2\/tags?post=1144646"}],"curies":[{"name":"wp","href":"https:\/\/api.w.org\/{rel}","templated":true}]}}