{"id":1144637,"date":"2026-04-26T17:32:32","date_gmt":"2026-04-26T17:32:32","guid":{"rendered":"https:\/\/dimensionturistica.com\/es\/?p=1144637"},"modified":"2026-04-26T17:32:32","modified_gmt":"2026-04-26T17:32:32","slug":"dolor-de-espalda-que-no-desaparece-podria-ser-espondilitis-anquilosante","status":"publish","type":"post","link":"https:\/\/dimensionturistica.com\/es\/dolor-de-espalda-que-no-desaparece-podria-ser-espondilitis-anquilosante\/","title":{"rendered":"\u00bfDolor de espalda que no desaparece? Podr\u00eda ser Espondilitis Anquilosante"},"content":{"rendered":"\n<p>En M\u00e9xico, miles de personas podr\u00edan vivir con dolor lumbar cr\u00f3nico sin saber que se trata de una enfermedad inflamatoria progresiva: la espondilitis anquilosante.4 Este padecimiento suele presentarse con dolor lumbar o&nbsp; rigidez, especialmente por las ma\u00f1anas o despu\u00e9s de permanecer en reposo. El cansancio persistente o la molestia en el cuello, tambi\u00e9n pueden ser se\u00f1ales de alerta que requieren valoraci\u00f3n m\u00e9dica.<\/p>\n\n\n\n<figure class=\"wp-block-gallery has-nested-images columns-default is-cropped wp-block-gallery-1 is-layout-flex wp-block-gallery-is-layout-flex\">\n<figure class=\"wp-block-image size-large\"><img decoding=\"async\" width=\"500\" height=\"333\" data-id=\"1144640\" src=\"https:\/\/dimensionturistica.com\/es\/wp-content\/uploads\/2026\/04\/2ESPALDA.jpg\" alt=\"\" class=\"wp-image-1144640\" srcset=\"https:\/\/dimensionturistica.com\/es\/wp-content\/uploads\/2026\/04\/2ESPALDA.jpg 500w, https:\/\/dimensionturistica.com\/es\/wp-content\/uploads\/2026\/04\/2ESPALDA-300x200.jpg 300w\" sizes=\"(max-width: 500px) 100vw, 500px\" \/><\/figure>\n<\/figure>\n\n\n\n<p>En el pa\u00eds, estudios han estimado que cerca del 5 % de la poblaci\u00f3n presenta estas caracter\u00edsticas asociadas a la enfermedad, lo que ayuda a comprender su frecuencia.4 La espondilitis anquilosante es una condici\u00f3n autoinmune en la que el sistema inmunol\u00f3gico ataca tejidos sanos del propio cuerpo, generando dolor y da\u00f1o progresivo en la espalda, la cadera y otras articulaciones.3 Los primeros signos suelen confundirse con molestias comunes del d\u00eda a d\u00eda, lo que puede retrasar el diagn\u00f3stico.1 Estos s\u00edntomas suelen iniciar desde la adolescencia tard\u00eda o la adultez temprana, y la mayor\u00eda de los casos se presentan antes de los 45 a\u00f1os.<\/p>\n\n\n\n<p>\u201cUno de los principales retos es que los pacientes normalizan el dolor de espalda y lo asocian al estr\u00e9s o al ritmo de vida, cuando en realidad puede tratarse de un proceso inflamatorio que avanza de manera silenciosa. Identificar estas se\u00f1ales desde etapas tempranas permite intervenir a tiempo y evitar limitaciones f\u00edsicas importantes en el futuro\u201d, explica la Dra. Elisa Fortu\u00f1o, l\u00edder de Estrategia M\u00e9dica y del \u00c1rea M\u00e9dica de Inmunolog\u00eda en UCB M\u00e9xico.<\/p>\n\n\n\n<figure class=\"wp-block-gallery has-nested-images columns-default is-cropped wp-block-gallery-2 is-layout-flex wp-block-gallery-is-layout-flex\">\n<figure class=\"wp-block-image size-large\"><img decoding=\"async\" width=\"500\" height=\"265\" data-id=\"1144641\" src=\"https:\/\/dimensionturistica.com\/es\/wp-content\/uploads\/2026\/04\/1ESPLDA.jpg\" alt=\"\" class=\"wp-image-1144641\" srcset=\"https:\/\/dimensionturistica.com\/es\/wp-content\/uploads\/2026\/04\/1ESPLDA.jpg 500w, https:\/\/dimensionturistica.com\/es\/wp-content\/uploads\/2026\/04\/1ESPLDA-300x159.jpg 300w\" sizes=\"(max-width: 500px) 100vw, 500px\" \/><\/figure>\n<\/figure>\n\n\n\n<p>Con el paso del tiempo, la inflamaci\u00f3n persistente puede estimular la formaci\u00f3n de nuevo hueso en la columna, provocando que algunas v\u00e9rtebras se fusionen y disminuya la flexibilidad,2 esto propicia que se generen dificultades para realizar actividades cotidianas, limitando la movilidad e incluso provocando cambios visibles en la postura.2 Adem\u00e1s, al tratarse de una enfermedad sist\u00e9mica, es posible que afecte otras articulaciones o manifestarse con s\u00edntomas en otros \u00f3rganos, como ojos o el sistema digestivo.<\/p>\n\n\n\n<p>\u201cUn patr\u00f3n com\u00fan es que los pacientes presentan dolor lumbar en un estado de reposo pero que a veces disminuye con el movimiento, es importante no ignorarlo. Este tipo de caracter\u00edsticas cl\u00ednicas pueden orientar hacia el diagn\u00f3stico oportuno de la \u2018espondilitis anquilosante\u2019, que es una enfermedad inflamatoria que requiere seguimiento especializado para preservar la movilidad y la calidad de vida\u201d, a\u00f1ade la Dra. Fortu\u00f1o.<\/p>\n\n\n\n<p>Factores como los antecedentes familiares directos o ciertas caracter\u00edsticas gen\u00e9ticas heredadas pueden aumentar la probabilidad de desarrollar esta condici\u00f3n.3 A nivel global, la prevalencia puede variar entre 9 y 30 casos por cada 10,000 personas.<\/p>\n\n\n\n<figure class=\"wp-block-gallery has-nested-images columns-default is-cropped wp-block-gallery-3 is-layout-flex wp-block-gallery-is-layout-flex\">\n<figure class=\"wp-block-image size-large\"><img decoding=\"async\" width=\"500\" height=\"250\" data-id=\"1144642\" src=\"https:\/\/dimensionturistica.com\/es\/wp-content\/uploads\/2026\/04\/8ESPALDA.jpg\" alt=\"\" class=\"wp-image-1144642\" srcset=\"https:\/\/dimensionturistica.com\/es\/wp-content\/uploads\/2026\/04\/8ESPALDA.jpg 500w, https:\/\/dimensionturistica.com\/es\/wp-content\/uploads\/2026\/04\/8ESPALDA-300x150.jpg 300w, https:\/\/dimensionturistica.com\/es\/wp-content\/uploads\/2026\/04\/8ESPALDA-360x180.jpg 360w\" sizes=\"(max-width: 500px) 100vw, 500px\" \/><\/figure>\n<\/figure>\n\n\n\n<p>En el marco del D\u00eda Mundial de la Espondilitis Anquilosante, especialistas advierten sobre la necesidad de prestar atenci\u00f3n a los dolores de espalda continuos, ya que podr\u00edan estar relacionados con esta enfermedad inflamatoria cr\u00f3nica que afecta principalmente la columna vertebral y las articulaciones, sobre todo, donde se conecta con la pelvis.<\/p>\n\n\n\n<p>El diagn\u00f3stico oportuno es clave para controlar los s\u00edntomas, mantener la movilidad y reducir el riesgo de complicaciones a largo plazo.2 Asimismo, adoptar h\u00e1bitos saludables como mantenerse f\u00edsicamente activo, cuidar la postura y evitar el tabaquismo puede contribuir a mejorar el bienestar de quienes viven con esta enfermedad.<\/p>\n","protected":false},"excerpt":{"rendered":"<p>En M\u00e9xico, miles de personas podr\u00edan vivir con dolor lumbar cr\u00f3nico sin saber que se trata de una enfermedad inflamatoria progresiva: la espondilitis anquilosante.4 Este padecimiento suele presentarse con dolor lumbar o&nbsp; rigidez, especialmente por las ma\u00f1anas o despu\u00e9s de permanecer en reposo. El cansancio persistente o la molestia en el cuello, tambi\u00e9n pueden ser [&hellip;]<\/p>\n","protected":false},"author":1,"featured_media":1144643,"comment_status":"open","ping_status":"closed","sticky":false,"template":"","format":"standard","meta":{"om_disable_all_campaigns":false,"jnews-multi-image_gallery":[],"jnews_single_post":[],"jnews_primary_category":[],"jnews_social_meta":[],"footnotes":""},"categories":[40],"tags":[],"class_list":["post-1144637","post","type-post","status-publish","format-standard","has-post-thumbnail","hentry","category-industria"],"_links":{"self":[{"href":"https:\/\/dimensionturistica.com\/es\/wp-json\/wp\/v2\/posts\/1144637","targetHints":{"allow":["GET"]}}],"collection":[{"href":"https:\/\/dimensionturistica.com\/es\/wp-json\/wp\/v2\/posts"}],"about":[{"href":"https:\/\/dimensionturistica.com\/es\/wp-json\/wp\/v2\/types\/post"}],"author":[{"embeddable":true,"href":"https:\/\/dimensionturistica.com\/es\/wp-json\/wp\/v2\/users\/1"}],"replies":[{"embeddable":true,"href":"https:\/\/dimensionturistica.com\/es\/wp-json\/wp\/v2\/comments?post=1144637"}],"version-history":[{"count":1,"href":"https:\/\/dimensionturistica.com\/es\/wp-json\/wp\/v2\/posts\/1144637\/revisions"}],"predecessor-version":[{"id":1144644,"href":"https:\/\/dimensionturistica.com\/es\/wp-json\/wp\/v2\/posts\/1144637\/revisions\/1144644"}],"wp:featuredmedia":[{"embeddable":true,"href":"https:\/\/dimensionturistica.com\/es\/wp-json\/wp\/v2\/media\/1144643"}],"wp:attachment":[{"href":"https:\/\/dimensionturistica.com\/es\/wp-json\/wp\/v2\/media?parent=1144637"}],"wp:term":[{"taxonomy":"category","embeddable":true,"href":"https:\/\/dimensionturistica.com\/es\/wp-json\/wp\/v2\/categories?post=1144637"},{"taxonomy":"post_tag","embeddable":true,"href":"https:\/\/dimensionturistica.com\/es\/wp-json\/wp\/v2\/tags?post=1144637"}],"curies":[{"name":"wp","href":"https:\/\/api.w.org\/{rel}","templated":true}]}}