{"id":1144588,"date":"2026-04-26T15:32:24","date_gmt":"2026-04-26T15:32:24","guid":{"rendered":"https:\/\/dimensionturistica.com\/es\/?p=1144588"},"modified":"2026-04-26T15:32:24","modified_gmt":"2026-04-26T15:32:24","slug":"aztlan-convierte-el-dia-del-nino-y-la-nina-en-una-experiencia-con-premios-y-desfiles","status":"publish","type":"post","link":"https:\/\/dimensionturistica.com\/es\/aztlan-convierte-el-dia-del-nino-y-la-nina-en-una-experiencia-con-premios-y-desfiles\/","title":{"rendered":"Aztl\u00e1n convierte el D\u00eda del Ni\u00f1o y la Ni\u00f1a en una experiencia con premios y desfiles"},"content":{"rendered":"\n<p>Estos siguientes d\u00edas de descanso y puente de mayo, Aztl\u00e1n Feria de Chapultepec celebrar\u00e1 el D\u00eda del Ni\u00f1o y la Ni\u00f1a con una jornada especial de actividades dise\u00f1ada para que ni\u00f1as, ni\u00f1os y familias vivan una experiencia llena de juegos, atracciones y momentos memorables.<\/p>\n\n\n\n<figure class=\"wp-block-gallery has-nested-images columns-default is-cropped wp-block-gallery-1 is-layout-flex wp-block-gallery-is-layout-flex\">\n<figure class=\"wp-block-image size-large\"><img decoding=\"async\" width=\"500\" height=\"750\" data-id=\"1144589\" src=\"https:\/\/dimensionturistica.com\/es\/wp-content\/uploads\/2026\/04\/4AZTLAN.jpg\" alt=\"\" class=\"wp-image-1144589\" srcset=\"https:\/\/dimensionturistica.com\/es\/wp-content\/uploads\/2026\/04\/4AZTLAN.jpg 500w, https:\/\/dimensionturistica.com\/es\/wp-content\/uploads\/2026\/04\/4AZTLAN-200x300.jpg 200w\" sizes=\"(max-width: 500px) 100vw, 500px\" \/><\/figure>\n<\/figure>\n\n\n\n<p>Ubicado en la Segunda Secci\u00f3n del Bosque de Chapultepec, el parque se convertir\u00e1 en un gran escenario de diversi\u00f3n, donde los asistentes podr\u00e1n recorrer sus espacios, participar en din\u00e1micas y disfrutar de una oferta pensada para todas las edades.<\/p>\n\n\n\n<figure class=\"wp-block-gallery has-nested-images columns-default is-cropped wp-block-gallery-2 is-layout-flex wp-block-gallery-is-layout-flex\">\n<figure class=\"wp-block-image size-large\"><img decoding=\"async\" width=\"500\" height=\"330\" data-id=\"1144590\" src=\"https:\/\/dimensionturistica.com\/es\/wp-content\/uploads\/2026\/04\/3AZTLAN-1.jpg\" alt=\"\" class=\"wp-image-1144590\" srcset=\"https:\/\/dimensionturistica.com\/es\/wp-content\/uploads\/2026\/04\/3AZTLAN-1.jpg 500w, https:\/\/dimensionturistica.com\/es\/wp-content\/uploads\/2026\/04\/3AZTLAN-1-300x198.jpg 300w\" sizes=\"(max-width: 500px) 100vw, 500px\" \/><\/figure>\n<\/figure>\n\n\n\n<p>Uno de los momentos principales ser\u00e1 el 30 de abril, con un rally de actividades \u201cExploradores de Aztl\u00e1n\u201d, una propuesta que invita a explorar el parque a trav\u00e9s de distintas misiones y retos. A lo largo del recorrido, los participantes podr\u00e1n completar din\u00e1micas, reunir logros y obtener premios, en una experiencia que combina juego, competencia y descubrimiento.<\/p>\n\n\n\n<figure class=\"wp-block-gallery has-nested-images columns-default is-cropped wp-block-gallery-3 is-layout-flex wp-block-gallery-is-layout-flex\">\n<figure class=\"wp-block-image size-large\"><img decoding=\"async\" width=\"500\" height=\"333\" data-id=\"1144591\" src=\"https:\/\/dimensionturistica.com\/es\/wp-content\/uploads\/2026\/04\/5AZTLAN-1.jpg\" alt=\"\" class=\"wp-image-1144591\" srcset=\"https:\/\/dimensionturistica.com\/es\/wp-content\/uploads\/2026\/04\/5AZTLAN-1.jpg 500w, https:\/\/dimensionturistica.com\/es\/wp-content\/uploads\/2026\/04\/5AZTLAN-1-300x200.jpg 300w\" sizes=\"(max-width: 500px) 100vw, 500px\" \/><\/figure>\n<\/figure>\n\n\n\n<p>A trav\u00e9s de sus redes sociales, Instagram y Facebook, Aztl\u00e1n activar\u00e1 din\u00e1micas para que ni\u00f1as, ni\u00f1os y familias participen, ganen premios y se mantengan al tanto de todas las sorpresas dentro de un horario de 12:00 a 17:00 horas. Como parte del festejo, el parque se llenar\u00e1 de Dr. Simi en sus distintas versiones, quienes recorrer\u00e1n Aztl\u00e1n entre las 16:00 y las 18:00 horas, creando un ambiente lleno de m\u00fasica, color y esp\u00edritu festivo. Durante los recorridos, se obsequiar\u00e1n dulces y se cerrar\u00e1 la celebraci\u00f3n con la tradicional partida de pastel. Adem\u00e1s, las y los visitantes podr\u00e1n encontrar en Similandia una gran variedad de accesorios y merch oficial de Dr. Simi, ideales para llevarse un recuerdo del evento. Tambi\u00e9n se invitar\u00e1 a ni\u00f1as y ni\u00f1os a descubrir la atracci\u00f3n inmersiva \u201cVuela M\u00e9xico por el Mundo\u201d, un simulador de vuelo que los llevar\u00e1 a conocer algunos de los paisajes m\u00e1s emblem\u00e1ticos del mundo.<\/p>\n\n\n\n<p>Disfruta de los desfiles los d\u00edas 30 de abril, 1 y 2 de mayo.<\/p>\n\n\n\n<figure class=\"wp-block-gallery has-nested-images columns-default is-cropped wp-block-gallery-4 is-layout-flex wp-block-gallery-is-layout-flex\">\n<figure class=\"wp-block-image size-large\"><img decoding=\"async\" width=\"500\" height=\"333\" data-id=\"1144592\" src=\"https:\/\/dimensionturistica.com\/es\/wp-content\/uploads\/2026\/04\/7AZTLAN.jpg\" alt=\"\" class=\"wp-image-1144592\" srcset=\"https:\/\/dimensionturistica.com\/es\/wp-content\/uploads\/2026\/04\/7AZTLAN.jpg 500w, https:\/\/dimensionturistica.com\/es\/wp-content\/uploads\/2026\/04\/7AZTLAN-300x200.jpg 300w\" sizes=\"(max-width: 500px) 100vw, 500px\" \/><\/figure>\n<\/figure>\n\n\n\n<p>Con juegos mec\u00e1nicos, atracciones, experiencias inmersivas y una variada oferta gastron\u00f3mica, Aztl\u00e1n Feria de Chapultepec se consolida como un espacio donde el entretenimiento y la convivencia familiar se viven de manera integral. El parque invita a las familias a planear su visita, disfrutar de los d\u00edas de descanso y seguir sus redes sociales para conocer horarios, din\u00e1micas y detalles de esta fech<\/p>\n","protected":false},"excerpt":{"rendered":"<p>Estos siguientes d\u00edas de descanso y puente de mayo, Aztl\u00e1n Feria de Chapultepec celebrar\u00e1 el D\u00eda del Ni\u00f1o y la Ni\u00f1a con una jornada especial de actividades dise\u00f1ada para que ni\u00f1as, ni\u00f1os y familias vivan una experiencia llena de juegos, atracciones y momentos memorables. Ubicado en la Segunda Secci\u00f3n del Bosque de Chapultepec, el parque [&hellip;]<\/p>\n","protected":false},"author":1,"featured_media":1144593,"comment_status":"open","ping_status":"closed","sticky":false,"template":"","format":"standard","meta":{"om_disable_all_campaigns":false,"jnews-multi-image_gallery":[],"jnews_single_post":[],"jnews_primary_category":[],"jnews_social_meta":[],"footnotes":""},"categories":[144872],"tags":[],"class_list":["post-1144588","post","type-post","status-publish","format-standard","has-post-thumbnail","hentry","category-fashion"],"_links":{"self":[{"href":"https:\/\/dimensionturistica.com\/es\/wp-json\/wp\/v2\/posts\/1144588","targetHints":{"allow":["GET"]}}],"collection":[{"href":"https:\/\/dimensionturistica.com\/es\/wp-json\/wp\/v2\/posts"}],"about":[{"href":"https:\/\/dimensionturistica.com\/es\/wp-json\/wp\/v2\/types\/post"}],"author":[{"embeddable":true,"href":"https:\/\/dimensionturistica.com\/es\/wp-json\/wp\/v2\/users\/1"}],"replies":[{"embeddable":true,"href":"https:\/\/dimensionturistica.com\/es\/wp-json\/wp\/v2\/comments?post=1144588"}],"version-history":[{"count":1,"href":"https:\/\/dimensionturistica.com\/es\/wp-json\/wp\/v2\/posts\/1144588\/revisions"}],"predecessor-version":[{"id":1144594,"href":"https:\/\/dimensionturistica.com\/es\/wp-json\/wp\/v2\/posts\/1144588\/revisions\/1144594"}],"wp:featuredmedia":[{"embeddable":true,"href":"https:\/\/dimensionturistica.com\/es\/wp-json\/wp\/v2\/media\/1144593"}],"wp:attachment":[{"href":"https:\/\/dimensionturistica.com\/es\/wp-json\/wp\/v2\/media?parent=1144588"}],"wp:term":[{"taxonomy":"category","embeddable":true,"href":"https:\/\/dimensionturistica.com\/es\/wp-json\/wp\/v2\/categories?post=1144588"},{"taxonomy":"post_tag","embeddable":true,"href":"https:\/\/dimensionturistica.com\/es\/wp-json\/wp\/v2\/tags?post=1144588"}],"curies":[{"name":"wp","href":"https:\/\/api.w.org\/{rel}","templated":true}]}}