{"id":1144563,"date":"2026-04-26T14:52:51","date_gmt":"2026-04-26T14:52:51","guid":{"rendered":"https:\/\/dimensionturistica.com\/es\/?p=1144563"},"modified":"2026-04-26T14:52:51","modified_gmt":"2026-04-26T14:52:51","slug":"ana-renueva-sus-kits-internacionales-de-amenidades-con-una-colaboracion-pionera-en-la-industria","status":"publish","type":"post","link":"https:\/\/dimensionturistica.com\/es\/ana-renueva-sus-kits-internacionales-de-amenidades-con-una-colaboracion-pionera-en-la-industria\/","title":{"rendered":"ANA renueva sus kits internacionales de amenidades con una colaboraci\u00f3n pionera en la industria"},"content":{"rendered":"\n<p>All Nippon Airways (ANA), la aerol\u00ednea m\u00e1s grande de Jap\u00f3n y reconocida como aerol\u00ednea 5 estrellas durante 13 a\u00f1os consecutivos, anunci\u00f3 hoy la renovaci\u00f3n de sus kits de amenidades de primera clase y clase ejecutiva en rutas internacionales de larga distancia y en ciertas rutas de media distancia, a partir de abril de 2026. Esta actualizaci\u00f3n incorpora nuevas alianzas con FRANZI, una prestigiosa marca italiana de legado, as\u00ed como con las reconocidas marcas de cuidado de la piel de lujo DECORT\u00c9 y CULTI MILANO, con el objetivo de elevar la experiencia a bordo para los pasajeros de ANA.<\/p>\n\n\n\n<figure class=\"wp-block-gallery has-nested-images columns-default is-cropped wp-block-gallery-1 is-layout-flex wp-block-gallery-is-layout-flex\">\n<figure class=\"wp-block-image size-large\"><img decoding=\"async\" width=\"500\" height=\"285\" data-id=\"1144564\" src=\"https:\/\/dimensionturistica.com\/es\/wp-content\/uploads\/2026\/04\/2ANA.jpg\" alt=\"\" class=\"wp-image-1144564\" srcset=\"https:\/\/dimensionturistica.com\/es\/wp-content\/uploads\/2026\/04\/2ANA.jpg 500w, https:\/\/dimensionturistica.com\/es\/wp-content\/uploads\/2026\/04\/2ANA-300x171.jpg 300w\" sizes=\"(max-width: 500px) 100vw, 500px\" \/><\/figure>\n<\/figure>\n\n\n\n<p>Para el kit de amenidades, ANA se ha asociado con FRANZI, una marca italiana de art\u00edculos de piel de lujo fundada en Mil\u00e1n en 1864 y distinguida por su preferencia entre la realeza a nivel mundial. Los elegantes estuches est\u00e1n elaborados con poli\u00e9ster reciclado (R-PET), fusionando de forma natural 160 a\u00f1os de artesan\u00eda italiana con un enfoque moderno de sostenibilidad. Los dise\u00f1os exclusivos se renovar\u00e1n por temporada.<\/p>\n\n\n\n<figure class=\"wp-block-gallery has-nested-images columns-default is-cropped wp-block-gallery-2 is-layout-flex wp-block-gallery-is-layout-flex\">\n<figure class=\"wp-block-image size-large\"><img decoding=\"async\" width=\"500\" height=\"497\" data-id=\"1144565\" src=\"https:\/\/dimensionturistica.com\/es\/wp-content\/uploads\/2026\/04\/1ANA.jpg\" alt=\"\" class=\"wp-image-1144565\" srcset=\"https:\/\/dimensionturistica.com\/es\/wp-content\/uploads\/2026\/04\/1ANA.jpg 500w, https:\/\/dimensionturistica.com\/es\/wp-content\/uploads\/2026\/04\/1ANA-300x298.jpg 300w, https:\/\/dimensionturistica.com\/es\/wp-content\/uploads\/2026\/04\/1ANA-150x150.jpg 150w, https:\/\/dimensionturistica.com\/es\/wp-content\/uploads\/2026\/04\/1ANA-75x75.jpg 75w\" sizes=\"(max-width: 500px) 100vw, 500px\" \/><\/figure>\n<\/figure>\n\n\n\n<p>Los kits renovados incluir\u00e1n productos de belleza premium de marcas reconocidas a nivel mundial. En primera clase se ofrecer\u00e1n art\u00edculos de DECORT\u00c9, la ic\u00f3nica marca japonesa de belleza de alta gama. Los pasajeros de clase ejecutiva recibir\u00e1n productos de CULTI MILANO, una marca italiana de fragancias reconocida por sus sofisticados aromas. Estas colaboraciones representan la primera alianza de kits de amenidades a bordo para ambas marcas, DECORT\u00c9 y CULTI MILANO.<\/p>\n\n\n\n<figure class=\"wp-block-gallery has-nested-images columns-default is-cropped wp-block-gallery-3 is-layout-flex wp-block-gallery-is-layout-flex\">\n<figure class=\"wp-block-image size-large\"><img decoding=\"async\" width=\"500\" height=\"285\" data-id=\"1144566\" src=\"https:\/\/dimensionturistica.com\/es\/wp-content\/uploads\/2026\/04\/3ANA.jpg\" alt=\"\" class=\"wp-image-1144566\" srcset=\"https:\/\/dimensionturistica.com\/es\/wp-content\/uploads\/2026\/04\/3ANA.jpg 500w, https:\/\/dimensionturistica.com\/es\/wp-content\/uploads\/2026\/04\/3ANA-300x171.jpg 300w\" sizes=\"(max-width: 500px) 100vw, 500px\" \/><\/figure>\n<\/figure>\n\n\n\n<p>ANA tambi\u00e9n impulsa sus esfuerzos de sostenibilidad a trav\u00e9s de esta renovaci\u00f3n al minimizar el uso de empaques pl\u00e1sticos. Cada kit incluye una bolsa reutilizable y amigable con el medio ambiente para seguir utiliz\u00e1ndose despu\u00e9s del vuelo. Art\u00edculos adicionales, como pa\u00f1uelos y antifaces, refuerzan el compromiso de ANA de ofrecer a los pasajeros soluciones pr\u00e1cticas y reutilizables.<\/p>\n\n\n\n<p>\u201cNuestros kits de amenidades renovados representan la fusi\u00f3n perfecta entre la artesan\u00eda heredada y la sostenibilidad moderna\u201d, se\u00f1al\u00f3 Tomoji Ishii, vicepresidente Ejecutivo de Gesti\u00f3n de la Experiencia del Cliente de ANA. \u201cAl reducir el empaque pl\u00e1stico e incluir art\u00edculos reutilizables, reforzamos nuestro compromiso con un futuro m\u00e1s sostenible. Esperamos que estos kits mejoren la experiencia de viaje de nuestros pasajeros a lo largo de todo su trayecto y mucho despu\u00e9s de haber llegado a casa.\u201d<\/p>\n\n\n\n<p>Descripci\u00f3n del servicio:<\/p>\n\n\n\n<figure class=\"wp-block-gallery has-nested-images columns-default is-cropped wp-block-gallery-4 is-layout-flex wp-block-gallery-is-layout-flex\">\n<figure class=\"wp-block-image size-large\"><img decoding=\"async\" width=\"500\" height=\"320\" data-id=\"1144567\" src=\"https:\/\/dimensionturistica.com\/es\/wp-content\/uploads\/2026\/04\/5ANA.jpg\" alt=\"\" class=\"wp-image-1144567\" srcset=\"https:\/\/dimensionturistica.com\/es\/wp-content\/uploads\/2026\/04\/5ANA.jpg 500w, https:\/\/dimensionturistica.com\/es\/wp-content\/uploads\/2026\/04\/5ANA-300x192.jpg 300w\" sizes=\"(max-width: 500px) 100vw, 500px\" \/><\/figure>\n<\/figure>\n\n\n\n<p>\u2022 Rutas elegibles: Rutas hacia Europa y Estados Unidos (incluido Honolulu), as\u00ed como rutas hacia Ocean\u00eda.<\/p>\n\n\n\n<p>\u2022 Clases elegibles: Primera clase y clase ejecutiva<\/p>\n\n\n\n<p>\u2022 Fecha de lanzamiento: Implementaci\u00f3n gradual a partir de abril de 2026.<\/p>\n\n\n\n<p>Detalles del kit de amenidades:<\/p>\n\n\n\n<p>Art\u00edculos de Primera Clase Internacional<\/p>\n\n\n\n<p>&#8211; Estuche de amenidades FRANZI<\/p>\n\n\n\n<p>&#8211; Productos de cuidado de la piel de DECORT\u00c9:<\/p>\n\n\n\n<p>&#8211; Emulsi\u00f3n AQ Absolute Treatment Micro\u2011Radiance II (35 ml)<\/p>\n\n\n\n<p>&#8211; Loci\u00f3n Hidratante AQ Absolute Treatment II (35 ml)<\/p>\n\n\n\n<p>&#8211; S\u00e9rum Liposome Reparaci\u00f3n Avanzada (12 ml)<\/p>\n\n\n\n<p>&#8211; Cepillo de dientes (con tapa), antifaz, tapones para los o\u00eddos,<\/p>\n\n\n\n<p>Ejemplo de kit de amenidades de Primera Clasepa\u00f1uelo<\/p>\n\n\n\n<p>&#8211; Bolsa ecol\u00f3gica original de ANA<\/p>\n\n\n\n<p>Art\u00edculos de clase ejecutiva Internacional:<\/p>\n\n\n\n<p>&#8211; Estuche de amenidades FRANZI<\/p>\n\n\n\n<p>&#8211; Productos de cuidado de la piel de CULTI MILANO:<\/p>\n\n\n\n<p>&nbsp;&#8211; B\u00e1lsamo labial TESSUTO (4.25 g)<\/p>\n\n\n\n<p>&nbsp;&#8211; Loci\u00f3n para manos y cuerpo TESSUTO (10 ml)<\/p>\n\n\n\n<p>&#8211; Cepillo de dientes (con tapa), antifaz para dormir, tapones para o\u00eddos<\/p>\n\n\n\n<p>&#8211; Bolsa ecol\u00f3gica original de ANA (solo para salidas<\/p>\n\n\n\n<p>Ejemplo de kit de amenidades de Clase Ejecutivainternacionales)<\/p>\n","protected":false},"excerpt":{"rendered":"<p>All Nippon Airways (ANA), la aerol\u00ednea m\u00e1s grande de Jap\u00f3n y reconocida como aerol\u00ednea 5 estrellas durante 13 a\u00f1os consecutivos, anunci\u00f3 hoy la renovaci\u00f3n de sus kits de amenidades de primera clase y clase ejecutiva en rutas internacionales de larga distancia y en ciertas rutas de media distancia, a partir de abril de 2026. Esta [&hellip;]<\/p>\n","protected":false},"author":1,"featured_media":1144568,"comment_status":"open","ping_status":"closed","sticky":false,"template":"","format":"standard","meta":{"om_disable_all_campaigns":false,"jnews-multi-image_gallery":[],"jnews_single_post":[],"jnews_primary_category":[],"jnews_social_meta":[],"footnotes":""},"categories":[39],"tags":[],"class_list":["post-1144563","post","type-post","status-publish","format-standard","has-post-thumbnail","hentry","category-viajes"],"_links":{"self":[{"href":"https:\/\/dimensionturistica.com\/es\/wp-json\/wp\/v2\/posts\/1144563","targetHints":{"allow":["GET"]}}],"collection":[{"href":"https:\/\/dimensionturistica.com\/es\/wp-json\/wp\/v2\/posts"}],"about":[{"href":"https:\/\/dimensionturistica.com\/es\/wp-json\/wp\/v2\/types\/post"}],"author":[{"embeddable":true,"href":"https:\/\/dimensionturistica.com\/es\/wp-json\/wp\/v2\/users\/1"}],"replies":[{"embeddable":true,"href":"https:\/\/dimensionturistica.com\/es\/wp-json\/wp\/v2\/comments?post=1144563"}],"version-history":[{"count":1,"href":"https:\/\/dimensionturistica.com\/es\/wp-json\/wp\/v2\/posts\/1144563\/revisions"}],"predecessor-version":[{"id":1144569,"href":"https:\/\/dimensionturistica.com\/es\/wp-json\/wp\/v2\/posts\/1144563\/revisions\/1144569"}],"wp:featuredmedia":[{"embeddable":true,"href":"https:\/\/dimensionturistica.com\/es\/wp-json\/wp\/v2\/media\/1144568"}],"wp:attachment":[{"href":"https:\/\/dimensionturistica.com\/es\/wp-json\/wp\/v2\/media?parent=1144563"}],"wp:term":[{"taxonomy":"category","embeddable":true,"href":"https:\/\/dimensionturistica.com\/es\/wp-json\/wp\/v2\/categories?post=1144563"},{"taxonomy":"post_tag","embeddable":true,"href":"https:\/\/dimensionturistica.com\/es\/wp-json\/wp\/v2\/tags?post=1144563"}],"curies":[{"name":"wp","href":"https:\/\/api.w.org\/{rel}","templated":true}]}}