{"id":114451,"date":"2021-04-16T08:52:41","date_gmt":"2021-04-16T08:52:41","guid":{"rendered":"https:\/\/dimensionturistica.com\/es\/?p=114451"},"modified":"2021-04-16T08:52:41","modified_gmt":"2021-04-16T08:52:41","slug":"inversion-de-60-000-euros-en-embellecimiento-del-entorno-y-en-el-recinto-de-las-carnicerias-reales-de-priego-de-cordoba","status":"publish","type":"post","link":"https:\/\/dimensionturistica.com\/es\/inversion-de-60-000-euros-en-embellecimiento-del-entorno-y-en-el-recinto-de-las-carnicerias-reales-de-priego-de-cordoba\/","title":{"rendered":"Inversi\u00f3n de 60.000 euros en embellecimiento del entorno y en el recinto de las Carnicer\u00edas Reales de Priego de C\u00f3rdoba"},"content":{"rendered":"<p> <br \/>\n<\/p>\n<div>\n<p style=\"margin-left:25.5pt;\">El delegado territorial visita las actuaciones \u201cque contribuyen a mejorar y diversificar la oferta\u201d del municipio y ha avanzado las l\u00edneas de ayudas que saldr\u00e1n este a\u00f1o<\/p>\n<p style=\"margin-left:25.5pt;\">El delegado territorial de Turismo en C\u00f3rdoba, \u00c1ngel Pimentel, ha visitado Priego de C\u00f3rdoba, donde ha podido conocer el estado de los trabajos que se han realizado con cargo a la subvenci\u00f3n que ha concedido la Consejer\u00eda y que ha permitido el embellecimiento del entorno y el recinto de las Carnicer\u00edas Reales de la localidad.<\/p>\n<p style=\"margin-left:25.5pt;\">\u201cGracias a estas actuaciones hemos puesto en valor un espacio como es el antiguo matadero y mercado del siglo XVI. Este inmueble de gran belleza merec\u00eda contar con un entorno adecuado, algo que se ha conseguido gracias al proyecto que se ha financiado desde la Consejer\u00eda de Juan Mar\u00edn\u201d, ha apuntado el delegado, quien ha se\u00f1alado que \u201ccon estas mejoras se suman los atractivos con los que cuenta Priego y se ensalza parte de su patrimonio cultural para que tanto vecinos como visitantes puedan disfrutar de ellos cuando la situaci\u00f3n sanitaria lo permita\u201d.<\/p>\n<p style=\"margin-left:25.5pt;\">Durante la visita, el responsable de Turismo de la Junta en C\u00f3rdoba ha mantenido un encuentro con la alcaldesa de la localidad, Mar\u00eda Luisa Ceballos Casas, con quien ha abordado distintos asuntos vinculados a sus competencias y ha destacado la importancia de mantener el contacto directo con cada municipio \u201cpara conocer sus inquietudes y necesidades\u201d. En este contexto, Pimentel ha detallado a la regidora las nuevas ayudas que la Consejer\u00eda pondr\u00e1 a disposici\u00f3n de las entidades locales y que ascienden a m\u00e1s de 21,5 millones en cuatro l\u00edneas.<\/p>\n<p style=\"margin-left:25.5pt;\">Posteriormente, el delegado territorial ha podido conocer el resultado de las ayudas concedidas a la localidad en la \u00faltima convocatoria que ha permitido la mejora del entorno de las Carnicer\u00edas Reales. Estas actuaciones se enmarcan dentro de las l\u00edneas de subvenciones destinadas a los municipios que en 2019 implicaron una inversi\u00f3n de casi 650.000 euros en 21 iniciativas de distintas localidades. \u201cEs fundamental seguir apostando por el turismo, un sector clave en Andaluc\u00eda y un generador de riqueza y empleo\u201d, ha afirmado.<\/p>\n<p style=\"margin-left:25.5pt;\">Las actuaciones que se han acometido en Priego de C\u00f3rdoba corresponden a la l\u00ednea que se destina al patrimonio cultural de los municipios del inside de Andaluc\u00eda y el proyecto ha contado con una subvenci\u00f3n de 59.376 euros.<\/p>\n<p style=\"margin-left:25.5pt;\">La partida, que ha permitido poner en valor el entorno del inmueble, se ha destinado a realizar el pintado basic del espacio, retirada de paneles, adecentamiento de las paredes, sustituci\u00f3n del pavimento, reparaci\u00f3n de las ventanas exteriores y sustituci\u00f3n de cristaler\u00eda, limpieza y consolidaci\u00f3n del tejado y mejora de la accesibilidad. Adem\u00e1s se ha adecuado la instalaci\u00f3n el\u00e9ctrica, se ha restaurado la fuente central y la escalera de caracol as\u00ed como la fuente del patio. Finalmente, se ha invertido en nuevos equipamientos de sonido y la instalaci\u00f3n de shops protectores motorizados.<\/p>\n<p style=\"margin-left:25.5pt;\"><strong>Reuni\u00f3n con empresarios tur\u00edsticos de la localidad<\/strong><\/p>\n<p style=\"margin-left:25.5pt;\">Durante la visita, el delegado territorial ha mantenido un encuentro con empresas del sector tur\u00edstico de la localidad para trasladarles las ayudas que se han aprobado recientemente para apoyar y mantener la actividad de estos profesionales.<\/p>\n<p style=\"margin-left:25.5pt;\">Este encuentro se enmarca dentro de una ronda de contactos que est\u00e1 realizando el responsable territorial para dar a conocer estas partidas \u201ccon el objetivo de que el sector conozca de primera mano los detalles y los pasos a seguir para solicitarlas. Queremos que sean unas partidas \u00fatiles que verdaderamente den ox\u00edgeno al sector\u201d, ha explicado Pimentel.<\/p>\n<p style=\"margin-left:25.5pt;\">En este sentido, ha detallado que se destinar\u00e1n 9,9 millones a los alojamientos rurales de la comunidad andaluza, 3,7 millones ser\u00e1n para empresas de turismo activo, 13,7 millones de euros se dedican a los gu\u00edas tur\u00edsticos, y 5,2 millones se destinar\u00e1n a las agencias de viaje. En whole, hasta el momento, se han movilizado 32,4 millones.<\/p>\n<p style=\"margin-left:25.5pt;\">\u201cDesde la Consejer\u00eda que lidera Juan Mar\u00edn somos conscientes de la complicada situaci\u00f3n por la que est\u00e1 pasando la industria tur\u00edstica por ello, y como venimos haciendo desde que se declar\u00f3 el estado de alarma, trabajamos por poner a disposici\u00f3n todos los recursos y herramientas posibles\u201d, ha asegurado.<\/p>\n<p style=\"margin-left:25.5pt;\">El delegado territorial ha explicado a estos empresarios los requisitos a dar para solicitar estos fondos, una vez que la convocatoria salga publicada en BOJA. En todos los casos se trata de una ayuda directa de 3.000 euros en un \u00fanico pago, \u201cque esperamos que est\u00e9 abonado antes del verano\u201d.<\/p>\n<\/p><\/div>\n\n<p><em> &#8221; Fuentes www.cordobabn.com &#8221; <\/em><\/p>\n","protected":false},"excerpt":{"rendered":"<p>El delegado territorial visita las actuaciones \u201cque contribuyen a mejorar y diversificar la oferta\u201d del municipio y ha avanzado las l\u00edneas de ayudas que saldr\u00e1n este a\u00f1o El delegado territorial de Turismo en C\u00f3rdoba, \u00c1ngel Pimentel, ha visitado Priego de C\u00f3rdoba, donde ha podido conocer el estado de los trabajos que se han realizado con [&hellip;]<\/p>\n","protected":false},"author":4,"featured_media":114452,"comment_status":"open","ping_status":"closed","sticky":false,"template":"","format":"standard","meta":{"om_disable_all_campaigns":false,"jnews-multi-image_gallery":[],"jnews_single_post":[],"jnews_primary_category":[],"jnews_social_meta":[],"footnotes":""},"categories":[40],"tags":[15266,558,1875,14722],"class_list":["post-114451","post","type-post","status-publish","format-standard","has-post-thumbnail","hentry","category-industria","tag-60-000-euros","tag-cordoba","tag-inversion","tag-junta-andalucia"],"_links":{"self":[{"href":"https:\/\/dimensionturistica.com\/es\/wp-json\/wp\/v2\/posts\/114451","targetHints":{"allow":["GET"]}}],"collection":[{"href":"https:\/\/dimensionturistica.com\/es\/wp-json\/wp\/v2\/posts"}],"about":[{"href":"https:\/\/dimensionturistica.com\/es\/wp-json\/wp\/v2\/types\/post"}],"author":[{"embeddable":true,"href":"https:\/\/dimensionturistica.com\/es\/wp-json\/wp\/v2\/users\/4"}],"replies":[{"embeddable":true,"href":"https:\/\/dimensionturistica.com\/es\/wp-json\/wp\/v2\/comments?post=114451"}],"version-history":[{"count":0,"href":"https:\/\/dimensionturistica.com\/es\/wp-json\/wp\/v2\/posts\/114451\/revisions"}],"wp:featuredmedia":[{"embeddable":true,"href":"https:\/\/dimensionturistica.com\/es\/wp-json\/wp\/v2\/media\/114452"}],"wp:attachment":[{"href":"https:\/\/dimensionturistica.com\/es\/wp-json\/wp\/v2\/media?parent=114451"}],"wp:term":[{"taxonomy":"category","embeddable":true,"href":"https:\/\/dimensionturistica.com\/es\/wp-json\/wp\/v2\/categories?post=114451"},{"taxonomy":"post_tag","embeddable":true,"href":"https:\/\/dimensionturistica.com\/es\/wp-json\/wp\/v2\/tags?post=114451"}],"curies":[{"name":"wp","href":"https:\/\/api.w.org\/{rel}","templated":true}]}}