{"id":1144459,"date":"2026-04-26T04:57:34","date_gmt":"2026-04-26T04:57:34","guid":{"rendered":"https:\/\/dimensionturistica.com\/es\/?p=1144459"},"modified":"2026-04-26T04:57:34","modified_gmt":"2026-04-26T04:57:34","slug":"un-jardin-de-estilo-la-celebracion-en-bogota-que-reinventa-la-moda-preppy-actual","status":"publish","type":"post","link":"https:\/\/dimensionturistica.com\/es\/un-jardin-de-estilo-la-celebracion-en-bogota-que-reinventa-la-moda-preppy-actual\/","title":{"rendered":"Un Jard\u00edn de Estilo: La Celebraci\u00f3n en Bogot\u00e1 que Reinventa la Moda Preppy Actual"},"content":{"rendered":"<p><strong>La Primavera Despierta en Bogot\u00e1: Tommy Hilfiger Imparte Elegancia y Estilo en un Jard\u00edn Enchantador<\/strong><\/p>\n<p>La escena de la moda en Bogot\u00e1 se ilumin\u00f3 recientemente con un evento que atrap\u00f3 la atenci\u00f3n de los apasionados del estilo. En un entorno id\u00f3neo, lleno de flores ex\u00f3ticas y una brisa primaveral, la marca Tommy Hilfiger llev\u00f3 a cabo una exclusiva garden party que fusion\u00f3 elegancia con un aire de frescura natural.<\/p>\n<p><strong>Un Fest\u00edn para los Sentidos<\/strong><\/p>\n<p>La celebraci\u00f3n no fue solo una simple pasarela; fue un espect\u00e1culo multisensorial dise\u00f1ado para sumergir a los asistentes en el mundo \u00fanico de la marca. Con una decoraci\u00f3n vibrante que inclu\u00eda colores pastel y elementos org\u00e1nicos, cada rinc\u00f3n del jard\u00edn parec\u00eda un homenaje a la llegada de la primavera. Los invitados fueron recibidos con c\u00f3cteles refrescantes, elaborados a base de ingredientes locales, que complementaron la exquisita tem\u00e1tica del evento.<\/p>\n<p><strong>Moda que Cuenta Historias<\/strong><\/p>\n<p>Las prendas de la nueva colecci\u00f3n de Tommy Hilfiger, presentadas durante esta memorable tarde, fueron el verdadero centro de atenci\u00f3n. Cada pieza contaba una historia, capturando la esencia de la diversidad cultural de Colombia. Con cortes audaces y patrones inspirados en la naturaleza, la colecci\u00f3n celebr\u00f3 la fusi\u00f3n de lo cl\u00e1sico con lo contempor\u00e1neo, haciendo un llamado a todos los amantes de la moda a expresarse sin l\u00edmites.<\/p>\n<p><strong>Un Encuentro de Influencers y Celebridades<\/strong><\/p>\n<p>El evento atrajo a un selecto grupo de influencers y celebridades que, junto a los amantes de la moda, se unieron para experimentar esta uni\u00f3n entre naturaleza y dise\u00f1o. Las redes sociales se iluminaron con im\u00e1genes y videos que mostraban no solo las tendencias en pasarela, sino tambi\u00e9n la emoci\u00f3n palpable en el ambiente. La interacci\u00f3n constante entre los asistentes y la marca contribuy\u00f3 a amplificar el mensaje de autenticidad y estilo.<\/p>\n<p><strong>Un Espacio para la Creatividad<\/strong><\/p>\n<p>La garden party tambi\u00e9n sirvi\u00f3 como plataforma para el arte local. M\u00faltiples artistas emergentes exhibieron sus obras, a\u00f1adiendo un toque distintivo a la velada. La colaboraci\u00f3n entre la moda y el arte es un s\u00edmbolo de la innovaci\u00f3n que se est\u00e1 gestando en la regi\u00f3n, ya que m\u00e1s marcas buscan espacios para colaborar y crear experiencias memorables.<\/p>\n<p><strong>Un Legado que Inspira<\/strong><\/p>\n<p>Este evento no solo resalt\u00f3 la versatilidad de la moda, sino que tambi\u00e9n resalt\u00f3 la importancia de celebrar la identidad cultural en un mundo globalizado. Tommy Hilfiger, a trav\u00e9s de esta fiesta primaveral, reafirm\u00f3 su compromiso con la diversidad y la inclusi\u00f3n, invitando a los asistentes a abrazar sus ra\u00edces mientras se visten de manera contempor\u00e1nea.<\/p>\n<p>En un ambiente donde la creatividad florece y las tendencias se entrelazan con la tradici\u00f3n, la garden party de Tommy Hilfiger en Bogot\u00e1 fue mucho m\u00e1s que un evento social; se trat\u00f3 de un desfile de estilo y autenticidad que resonar\u00e1 en la memoria colectiva de los amantes de la moda. Sin duda, una celebraci\u00f3n que marca un nuevo cap\u00edtulo en el vibrante panorama fashionista de Colombia.<\/p>\n<p><em> &#8221; Fuentes www.vogue.mx &#8221; <\/em><\/p>\n","protected":false},"excerpt":{"rendered":"<p>La Primavera Despierta en Bogot\u00e1: Tommy Hilfiger Imparte Elegancia y Estilo en un Jard\u00edn Enchantador La escena de la moda en Bogot\u00e1 se ilumin\u00f3 recientemente con un evento que atrap\u00f3 la atenci\u00f3n de los apasionados del estilo. En un entorno id\u00f3neo, lleno de flores ex\u00f3ticas y una brisa primaveral, la marca Tommy Hilfiger llev\u00f3 a [&hellip;]<\/p>\n","protected":false},"author":14,"featured_media":1144460,"comment_status":"open","ping_status":"closed","sticky":false,"template":"","format":"standard","meta":{"om_disable_all_campaigns":false,"jnews-multi-image_gallery":[],"jnews_single_post":[],"jnews_primary_category":[],"jnews_social_meta":[],"footnotes":""},"categories":[144872],"tags":[1839,2448,46117,662,3743,7758,723,166,227843,659,246804,2182,217137],"class_list":["post-1144459","post","type-post","status-publish","format-standard","has-post-thumbnail","hentry","category-fashion","tag-bogota","tag-celebracion","tag-contemporaneo","tag-cultura","tag-diseno","tag-estilo","tag-evento","tag-fashion","tag-garden-party","tag-moda","tag-preppy","tag-tendencias","tag-tommy-hilfiger"],"_links":{"self":[{"href":"https:\/\/dimensionturistica.com\/es\/wp-json\/wp\/v2\/posts\/1144459","targetHints":{"allow":["GET"]}}],"collection":[{"href":"https:\/\/dimensionturistica.com\/es\/wp-json\/wp\/v2\/posts"}],"about":[{"href":"https:\/\/dimensionturistica.com\/es\/wp-json\/wp\/v2\/types\/post"}],"author":[{"embeddable":true,"href":"https:\/\/dimensionturistica.com\/es\/wp-json\/wp\/v2\/users\/14"}],"replies":[{"embeddable":true,"href":"https:\/\/dimensionturistica.com\/es\/wp-json\/wp\/v2\/comments?post=1144459"}],"version-history":[{"count":1,"href":"https:\/\/dimensionturistica.com\/es\/wp-json\/wp\/v2\/posts\/1144459\/revisions"}],"predecessor-version":[{"id":1144461,"href":"https:\/\/dimensionturistica.com\/es\/wp-json\/wp\/v2\/posts\/1144459\/revisions\/1144461"}],"wp:featuredmedia":[{"embeddable":true,"href":"https:\/\/dimensionturistica.com\/es\/wp-json\/wp\/v2\/media\/1144460"}],"wp:attachment":[{"href":"https:\/\/dimensionturistica.com\/es\/wp-json\/wp\/v2\/media?parent=1144459"}],"wp:term":[{"taxonomy":"category","embeddable":true,"href":"https:\/\/dimensionturistica.com\/es\/wp-json\/wp\/v2\/categories?post=1144459"},{"taxonomy":"post_tag","embeddable":true,"href":"https:\/\/dimensionturistica.com\/es\/wp-json\/wp\/v2\/tags?post=1144459"}],"curies":[{"name":"wp","href":"https:\/\/api.w.org\/{rel}","templated":true}]}}