{"id":1144445,"date":"2026-04-26T04:06:33","date_gmt":"2026-04-26T04:06:33","guid":{"rendered":"https:\/\/dimensionturistica.com\/es\/?p=1144445"},"modified":"2026-04-26T04:06:33","modified_gmt":"2026-04-26T04:06:33","slug":"de-que-forma-se-degustarian-las-obras-de-frida-kahlo-un-chef-mexicano-presenta-un-menu-inspirado-en-la-emblematica-artista-nacional","status":"publish","type":"post","link":"https:\/\/dimensionturistica.com\/es\/de-que-forma-se-degustarian-las-obras-de-frida-kahlo-un-chef-mexicano-presenta-un-menu-inspirado-en-la-emblematica-artista-nacional\/","title":{"rendered":"\u00bfDe qu\u00e9 forma se degustar\u00edan las obras de Frida Kahlo? Un chef mexicano presenta un men\u00fa inspirado en la emblem\u00e1tica artista nacional."},"content":{"rendered":"<h3>Una Experiencia Gastron\u00f3mica \u00danica Inspirada en Frida Kahlo<\/h3>\n<p>En el prestigioso Tate Modern de Londres, una propuesta culinaria sin precedentes est\u00e1 tomando forma, combinando arte y gastronom\u00eda de manera magistral. Este evento exclusivo, que celebra la obra de una de las figuras m\u00e1s emblem\u00e1ticas del arte mexicano, Frida Kahlo, se convierte en una aut\u00e9ntica experiencia sensorial que va m\u00e1s all\u00e1 de la simple degustaci\u00f3n.<\/p>\n<p>Santiago Lastra, un destacado chef conocido por su innovaci\u00f3n en la cocina mexicana, presenta un men\u00fa especial que rinde homenaje a la vida y obra de Kahlo. Este men\u00fa no solo busca satisfacer el paladar; busca contar una historia a trav\u00e9s de cada plato, inspir\u00e1ndose en la rica paleta de colores y en los elementos culturales que la artista misma valoraba en su trabajo.<\/p>\n<p>El evento, que promete atraer a amantes del arte y la gastronom\u00eda por igual, tiene lugar en un entorno que potencia la conexi\u00f3n entre los sabores y el arte. Lastra ha dise\u00f1ado un recorrido por la cocina mexicana que invita a los comensales a explorar los ingredientes aut\u00f3ctonos y sus tradiciones, amalgamando recuerdos y emociones en cada bocado.<\/p>\n<p>Cada plato cobra vida con un significado, reutilizando elementos de la est\u00e9tica de Kahlo. Desde el uso de flores comestibles que evocan sus c\u00e9lebres autorretratos hasta t\u00e9cnicas que ponen en valor el ma\u00edz, el coraz\u00f3n de la gastronom\u00eda mexicana. La idea es sumergir al comensal en un viaje que celebra no solo la cocina, sino el esp\u00edritu y la pasi\u00f3n que Frida Kahlo encarn\u00f3.<\/p>\n<p>Este enfoque no es meramente visual; la experiencia se intensifica con la narrativa detr\u00e1s de cada creaci\u00f3n culinaria, fusionando historia, arte y tradici\u00f3n de forma que todos los sentidos quedan involucrados. Lastra, al igual que Kahlo, busca romper esquemas y ofrecer algo absolutamente nuevo.<\/p>\n<p>Adem\u00e1s, el evento se enmarca en una muestra del ic\u00f3nico museo brit\u00e1nico, centrada en la obra de Kahlo, lo que convierte la visita al Tate Modern en una combinaci\u00f3n perfecta para los amantes del arte y la gastronom\u00eda. La interacci\u00f3n entre las obras y los sabores promete ser un deleite, permitiendo que los visitantes saboreen lo que han admirado a trav\u00e9s de un contexto completamente nuevo.<\/p>\n<p>Esta singular iniciativa, que busca resaltar la riqueza de la cocina mexicana contempor\u00e1nea, plantea un di\u00e1logo fascinante con el arte, haciendo que la experiencia no solo sea memorable, sino tambi\u00e9n un reflejo de la cultura mexicana en todos sus matices. Tal vez lo m\u00e1s impactante es que este men\u00fa no se trata solo de comida; se trata de una celebraci\u00f3n de la identidad, un tributo a una de las artistas m\u00e1s influyentes del siglo XX.<\/p>\n<p>En un mundo donde las experiencias gastron\u00f3micas se vuelven cada vez m\u00e1s buscadas, este evento se presenta como una oportunidad \u00fanica para conectar con el esp\u00edritu de una de las figuras m\u00e1s ic\u00f3nicas del arte. Santiago Lastra demuestra que la cocina puede ser tanto un arte como una conexi\u00f3n emocional, llevando a los comensales a un viaje que explora no solo el sabor, sino tambi\u00e9n la cultura y la historia.<\/p>\n<p><em> &#8221; Fuentes www.vogue.mx &#8221; <\/em><\/p>\n","protected":false},"excerpt":{"rendered":"<p>Una Experiencia Gastron\u00f3mica \u00danica Inspirada en Frida Kahlo En el prestigioso Tate Modern de Londres, una propuesta culinaria sin precedentes est\u00e1 tomando forma, combinando arte y gastronom\u00eda de manera magistral. Este evento exclusivo, que celebra la obra de una de las figuras m\u00e1s emblem\u00e1ticas del arte mexicano, Frida Kahlo, se convierte en una aut\u00e9ntica experiencia [&hellip;]<\/p>\n","protected":false},"author":14,"featured_media":1144446,"comment_status":"open","ping_status":"closed","sticky":false,"template":"","format":"standard","meta":{"om_disable_all_campaigns":false,"jnews-multi-image_gallery":[],"jnews_single_post":[],"jnews_primary_category":[],"jnews_social_meta":[],"footnotes":""},"categories":[144872],"tags":[2185,93854,7920,12005,662,67733,743,277010,277009,49731,215786],"class_list":["post-1144445","post","type-post","status-publish","format-standard","has-post-thumbnail","hentry","category-fashion","tag-arte","tag-chef-mexicano","tag-cocina-mexicana","tag-creatividad","tag-cultura","tag-frida-kahlo","tag-gastronomia","tag-influencia-artistica","tag-menu-inspirado","tag-pintura","tag-sabores-latinomericanos"],"_links":{"self":[{"href":"https:\/\/dimensionturistica.com\/es\/wp-json\/wp\/v2\/posts\/1144445","targetHints":{"allow":["GET"]}}],"collection":[{"href":"https:\/\/dimensionturistica.com\/es\/wp-json\/wp\/v2\/posts"}],"about":[{"href":"https:\/\/dimensionturistica.com\/es\/wp-json\/wp\/v2\/types\/post"}],"author":[{"embeddable":true,"href":"https:\/\/dimensionturistica.com\/es\/wp-json\/wp\/v2\/users\/14"}],"replies":[{"embeddable":true,"href":"https:\/\/dimensionturistica.com\/es\/wp-json\/wp\/v2\/comments?post=1144445"}],"version-history":[{"count":1,"href":"https:\/\/dimensionturistica.com\/es\/wp-json\/wp\/v2\/posts\/1144445\/revisions"}],"predecessor-version":[{"id":1144447,"href":"https:\/\/dimensionturistica.com\/es\/wp-json\/wp\/v2\/posts\/1144445\/revisions\/1144447"}],"wp:featuredmedia":[{"embeddable":true,"href":"https:\/\/dimensionturistica.com\/es\/wp-json\/wp\/v2\/media\/1144446"}],"wp:attachment":[{"href":"https:\/\/dimensionturistica.com\/es\/wp-json\/wp\/v2\/media?parent=1144445"}],"wp:term":[{"taxonomy":"category","embeddable":true,"href":"https:\/\/dimensionturistica.com\/es\/wp-json\/wp\/v2\/categories?post=1144445"},{"taxonomy":"post_tag","embeddable":true,"href":"https:\/\/dimensionturistica.com\/es\/wp-json\/wp\/v2\/tags?post=1144445"}],"curies":[{"name":"wp","href":"https:\/\/api.w.org\/{rel}","templated":true}]}}