{"id":1144418,"date":"2026-04-26T02:23:00","date_gmt":"2026-04-26T02:23:00","guid":{"rendered":"https:\/\/dimensionturistica.com\/es\/?p=1144418"},"modified":"2026-04-26T02:23:00","modified_gmt":"2026-04-26T02:23:00","slug":"el-espectaculo-de-the-weeknd-en-la-cdmx-el-director-creativo-comparte-su-vision-sobre-la-produccion-del-evento-en-mexico","status":"publish","type":"post","link":"https:\/\/dimensionturistica.com\/es\/el-espectaculo-de-the-weeknd-en-la-cdmx-el-director-creativo-comparte-su-vision-sobre-la-produccion-del-evento-en-mexico\/","title":{"rendered":"El espect\u00e1culo de The Weeknd en la CDMX: El director creativo comparte su visi\u00f3n sobre la producci\u00f3n del evento en M\u00e9xico."},"content":{"rendered":"<h3>La Experiencia Radical del Concierto de The Weeknd en M\u00e9xico 2026<\/h3>\n<p>El universo de la moda y la m\u00fasica se entrelazan de manera fascinante cuando hablamos de eventos a gran escala como el pr\u00f3ximo concierto de The Weeknd en la Ciudad de M\u00e9xico, programado para 2026. Este evento no solo promete ser un espect\u00e1culo musical, sino que tambi\u00e9n es una manifestaci\u00f3n creativa que redefine la forma en que se conciben los conciertos.<\/p>\n<h4>Innovaci\u00f3n en Cada Detalle<\/h4>\n<p>El director creativo del evento ha delineado una visi\u00f3n que sorprende y deja sin aliento. Cada elemento, desde la escenograf\u00eda hasta el vestuario, estar\u00e1 pensado para ofrecer una experiencia sensorial nunca antes vista. La interacci\u00f3n entre la m\u00fasica y los elementos visuales se convierte en el eje del espect\u00e1culo, donde la moda toma un papel protag\u00f3nico y se eleva a nuevas alturas.<\/p>\n<h4>Dise\u00f1o Vanguardista<\/h4>\n<p>Uno de los aspectos m\u00e1s destacados es el enfoque en el dise\u00f1o; los trajes que lucir\u00e1 The Weeknd ser\u00e1n el resultado de una fusi\u00f3n entre la alta costura y la est\u00e9tica urbana, lo que promete desafiar los l\u00edmites tradicionales de ambos mundos. La idea es que cada atuendo no solo represente al artista, sino que tambi\u00e9n se convierta en un s\u00edmbolo de la cultura contempor\u00e1nea mexicana, llevando un mensaje claro de identidad y orgullo.<\/p>\n<h4>Participaci\u00f3n Activa de los Fans<\/h4>\n<p>La interacci\u00f3n con el p\u00fablico no se limitar\u00e1 a ser meramente contemplativa. Los asistentes vivir\u00e1n una experiencia inmersiva, en la que se busca que cada individuo sea parte del espect\u00e1culo. Con tecnolog\u00eda de punta, cada secci\u00f3n del p\u00fablico podr\u00e1 impactar la narrativa del evento, creando un di\u00e1logo constante que transforma la tradicional pasividad del espectador en una experiencia activa y colectiva.<\/p>\n<h4>La Influencia de la Moda en la M\u00fasica<\/h4>\n<p>No se puede hablar de este evento sin reconocer la fusi\u00f3n inquebrantable entre la moda y la m\u00fasica que ha sido tendencia en los \u00faltimos a\u00f1os. Artistas como The Weeknd no solo son reconocidos por su m\u00fasica, sino tambi\u00e9n por su capacidad de marcar tendencias en el vestir. Cada actuaci\u00f3n es una pasarela donde el estilo se manifiesta de forma visceral, logrando que la m\u00fasica y la moda se alimenten mutuamente.<\/p>\n<h4>Un Llamado a la Creatividad Colectiva<\/h4>\n<p>Este evento es, por lo tanto, una invitaci\u00f3n a todos los creativos, dise\u00f1adores, y amantes de la moda a explorar nuevas formas de expresi\u00f3n. A medida que se aproxima 2026, la visi\u00f3n del director creativo seguir\u00e1 tomando forma, y es un momento ideal para reflexionar sobre c\u00f3mo la moda puede influir en la experiencia musical.<\/p>\n<h3>El Futuro de la Experiencia Musical<\/h3>\n<p>Con cada paso que se da hacia la realizaci\u00f3n del concierto, se abren nuevas posibilidades para la uni\u00f3n entre diversas disciplinas art\u00edsticas. Los est\u00e1ndares de producci\u00f3n, la creatividad y la visi\u00f3n de lo que puede ser un espect\u00e1culo est\u00e1n evolucionando, y el evento de The Weeknd en la Ciudad de M\u00e9xico se destaca como un hito en esta transformaci\u00f3n.<\/p>\n<p>El inter\u00e9s que ha generado este anuncio invita a los aficionados a mantenerse al tanto de los desarrollos que se est\u00e1n llevando a cabo. En una era donde el contenido visual y musical se consume de manera r\u00e1pida y en constante evoluci\u00f3n, este concierto podr\u00eda ser el catalizador de nuevas tendencias que inviten a una reflexi\u00f3n profunda sobre el rol de la moda y la m\u00fasica en nuestras vidas.<\/p>\n<p>As\u00ed que, mientras nos preparamos para esta experiencia \u00fanica en 2026, la emoci\u00f3n y la anticipaci\u00f3n crecen, iluminando un horizonte lleno de creatividad y posibilidades.<\/p>\n<p><em> &#8221; Fuentes www.vogue.mx &#8221; <\/em><\/p>\n","protected":false},"excerpt":{"rendered":"<p>La Experiencia Radical del Concierto de The Weeknd en M\u00e9xico 2026 El universo de la moda y la m\u00fasica se entrelazan de manera fascinante cuando hablamos de eventos a gran escala como el pr\u00f3ximo concierto de The Weeknd en la Ciudad de M\u00e9xico, programado para 2026. Este evento no solo promete ser un espect\u00e1culo musical, [&hellip;]<\/p>\n","protected":false},"author":14,"featured_media":1144419,"comment_status":"open","ping_status":"closed","sticky":false,"template":"","format":"standard","meta":{"om_disable_all_campaigns":false,"jnews-multi-image_gallery":[],"jnews_single_post":[],"jnews_primary_category":[],"jnews_social_meta":[],"footnotes":""},"categories":[144872],"tags":[45814,1689,6812,12312,662,22400,1371,723,2282,276997],"class_list":["post-1144418","post","type-post","status-publish","format-standard","has-post-thumbnail","hentry","category-fashion","tag-artistico","tag-cdmx","tag-concierto","tag-creacion","tag-cultura","tag-director-creativo","tag-entretenimiento","tag-evento","tag-musica","tag-the-weeknd"],"_links":{"self":[{"href":"https:\/\/dimensionturistica.com\/es\/wp-json\/wp\/v2\/posts\/1144418","targetHints":{"allow":["GET"]}}],"collection":[{"href":"https:\/\/dimensionturistica.com\/es\/wp-json\/wp\/v2\/posts"}],"about":[{"href":"https:\/\/dimensionturistica.com\/es\/wp-json\/wp\/v2\/types\/post"}],"author":[{"embeddable":true,"href":"https:\/\/dimensionturistica.com\/es\/wp-json\/wp\/v2\/users\/14"}],"replies":[{"embeddable":true,"href":"https:\/\/dimensionturistica.com\/es\/wp-json\/wp\/v2\/comments?post=1144418"}],"version-history":[{"count":1,"href":"https:\/\/dimensionturistica.com\/es\/wp-json\/wp\/v2\/posts\/1144418\/revisions"}],"predecessor-version":[{"id":1144420,"href":"https:\/\/dimensionturistica.com\/es\/wp-json\/wp\/v2\/posts\/1144418\/revisions\/1144420"}],"wp:featuredmedia":[{"embeddable":true,"href":"https:\/\/dimensionturistica.com\/es\/wp-json\/wp\/v2\/media\/1144419"}],"wp:attachment":[{"href":"https:\/\/dimensionturistica.com\/es\/wp-json\/wp\/v2\/media?parent=1144418"}],"wp:term":[{"taxonomy":"category","embeddable":true,"href":"https:\/\/dimensionturistica.com\/es\/wp-json\/wp\/v2\/categories?post=1144418"},{"taxonomy":"post_tag","embeddable":true,"href":"https:\/\/dimensionturistica.com\/es\/wp-json\/wp\/v2\/tags?post=1144418"}],"curies":[{"name":"wp","href":"https:\/\/api.w.org\/{rel}","templated":true}]}}