{"id":1144063,"date":"2026-04-25T06:28:41","date_gmt":"2026-04-25T06:28:41","guid":{"rendered":"https:\/\/dimensionturistica.com\/es\/?p=1144063"},"modified":"2026-04-25T06:28:41","modified_gmt":"2026-04-25T06:28:41","slug":"las-botas-colombianas-mas-chic-para-combinar-con-jeans-faldas-y-vestidos-en-primavera-2026","status":"publish","type":"post","link":"https:\/\/dimensionturistica.com\/es\/las-botas-colombianas-mas-chic-para-combinar-con-jeans-faldas-y-vestidos-en-primavera-2026\/","title":{"rendered":"Las botas colombianas m\u00e1s chic para combinar con jeans, faldas y vestidos en primavera 2026."},"content":{"rendered":"<h3>Potencia tu Estilo Primaveral: Las Botas Colombianas como Elemento Clave<\/h3>\n<p>La primavera trae consigo una explosi\u00f3n de colores, texturas y, por supuesto, nuevas tendencias en moda. Este a\u00f1o, las botas colombianas se presentan como el calzado ideal para dar un toque \u00fanico y sofisticado a cualquier outfit. Con su rica herencia cultural y dise\u00f1os vibrantes, estas botas no solo son un accesorio, sino una declaraci\u00f3n de estilo.<\/p>\n<h4>El Encanto de las Botas Colombianas<\/h4>\n<p>Este tipo de calzado se distingue por su versatilidad y por estar elaboradas con materiales de alta calidad. Las botas colombianas son conocidas por su comodidad y durabilidad, lo que las convierte en una opci\u00f3n perfecta para el uso diario. Adem\u00e1s, sus dise\u00f1os aut\u00e9nticos permiten a cada persona expresar su personalidad, sin sacrificar la elegancia.<\/p>\n<h3>Ideas de Combos Perfectos<\/h3>\n<p><strong>Con Jeans:<\/strong><br \/>\nLas botas colombianas se combinan a la perfecci\u00f3n con jeans en cualquier tono. Opta por un ajuste slim para estilizar la figura o elige un modelo de pierna ancha para un look m\u00e1s relajado. A\u00f1adir una camiseta b\u00e1sica y una chaqueta de mezclilla puede ser la clave para un atuendo casual en el que la comodidad y el estilo van de la mano.<\/p>\n<p><strong>Con Faldas:<\/strong><br \/>\nLas faldas tambi\u00e9n tienen su lugar en esta tendencia primaveral. Una falda midi con estampados florales, por ejemplo, crea un contraste encantador con el estilo audaz de las botas. Una blusa ligeramente ajustada puede completar el look. No olvides jugar con los accesorios: un cintur\u00f3n o un bolso de mano pueden darle ese toque especial.<\/p>\n<p><strong>Con Vestidos:<\/strong><br \/>\nImagina un vestido fluido que baile con el viento. Las botas colombianas aportan un contraste audaz y moderno que transforma el outfit en algo completamente nuevo. Para d\u00edas frescos, un c\u00e1rdigan ligero puede ser el complemento ideal. Este estilo es perfecto para salidas diurnas o eventos casuales, manteniendo en todo momento la elegancia que caracteriza a la moda primaveral.<\/p>\n<h3>Colores y Estampados: \u00bfCu\u00e1l Elegir?<\/h3>\n<p>La primavera es sin\u00f3nimo de renovaci\u00f3n, as\u00ed que no temas experimentar con colores vibrantes y estampados llamativos. Las botas colombianas ofrecen una gama de tonalidades que pueden resaltar cualquier atuendo. Optar por botines con detalles bordados puede ser una excelente elecci\u00f3n para conseguir un look distintivo y lleno de personalidad, perfecto para cualquier ocasi\u00f3n.<\/p>\n<h3>Conclusi\u00f3n<\/h3>\n<p>Sin duda, las botas colombianas son una tendencia que marcar\u00e1 esta temporada. Con m\u00faltiples combinaciones para jeans, faldas y vestidos, su versatilidad har\u00e1 que cada d\u00eda sea una oportunidad para innovar en el guardarropa. Dales la bienvenida a tu colecci\u00f3n y observa c\u00f3mo se convierten en el eje central de tus mejores looks primaverales. \u00a1Prep\u00e1rate para ser el centro de atenci\u00f3n!<\/p>\n<p><em> &#8221; Fuentes www.vogue.mx &#8221; <\/em><\/p>\n","protected":false},"excerpt":{"rendered":"<p>Potencia tu Estilo Primaveral: Las Botas Colombianas como Elemento Clave La primavera trae consigo una explosi\u00f3n de colores, texturas y, por supuesto, nuevas tendencias en moda. Este a\u00f1o, las botas colombianas se presentan como el calzado ideal para dar un toque \u00fanico y sofisticado a cualquier outfit. Con su rica herencia cultural y dise\u00f1os vibrantes, [&hellip;]<\/p>\n","protected":false},"author":14,"featured_media":1144064,"comment_status":"open","ping_status":"closed","sticky":false,"template":"","format":"standard","meta":{"om_disable_all_campaigns":false,"jnews-multi-image_gallery":[],"jnews_single_post":[],"jnews_primary_category":[],"jnews_social_meta":[],"footnotes":""},"categories":[144872],"tags":[11710,204712,7918,53196,7758,200523,16596,659,239477,230504,2182,47135],"class_list":["post-1144063","post","type-post","status-publish","format-standard","has-post-thumbnail","hentry","category-fashion","tag-botas","tag-calzado-femenino","tag-colombianas","tag-elegantes","tag-estilo","tag-faldas","tag-jeans","tag-moda","tag-primavera-2026","tag-primavera-verano-2026","tag-tendencias","tag-vestidos"],"_links":{"self":[{"href":"https:\/\/dimensionturistica.com\/es\/wp-json\/wp\/v2\/posts\/1144063","targetHints":{"allow":["GET"]}}],"collection":[{"href":"https:\/\/dimensionturistica.com\/es\/wp-json\/wp\/v2\/posts"}],"about":[{"href":"https:\/\/dimensionturistica.com\/es\/wp-json\/wp\/v2\/types\/post"}],"author":[{"embeddable":true,"href":"https:\/\/dimensionturistica.com\/es\/wp-json\/wp\/v2\/users\/14"}],"replies":[{"embeddable":true,"href":"https:\/\/dimensionturistica.com\/es\/wp-json\/wp\/v2\/comments?post=1144063"}],"version-history":[{"count":1,"href":"https:\/\/dimensionturistica.com\/es\/wp-json\/wp\/v2\/posts\/1144063\/revisions"}],"predecessor-version":[{"id":1144065,"href":"https:\/\/dimensionturistica.com\/es\/wp-json\/wp\/v2\/posts\/1144063\/revisions\/1144065"}],"wp:featuredmedia":[{"embeddable":true,"href":"https:\/\/dimensionturistica.com\/es\/wp-json\/wp\/v2\/media\/1144064"}],"wp:attachment":[{"href":"https:\/\/dimensionturistica.com\/es\/wp-json\/wp\/v2\/media?parent=1144063"}],"wp:term":[{"taxonomy":"category","embeddable":true,"href":"https:\/\/dimensionturistica.com\/es\/wp-json\/wp\/v2\/categories?post=1144063"},{"taxonomy":"post_tag","embeddable":true,"href":"https:\/\/dimensionturistica.com\/es\/wp-json\/wp\/v2\/tags?post=1144063"}],"curies":[{"name":"wp","href":"https:\/\/api.w.org\/{rel}","templated":true}]}}