{"id":1144039,"date":"2026-04-25T04:45:06","date_gmt":"2026-04-25T04:45:06","guid":{"rendered":"https:\/\/dimensionturistica.com\/es\/?p=1144039"},"modified":"2026-04-25T04:45:06","modified_gmt":"2026-04-25T04:45:06","slug":"estas-sandalias-marrones-son-ideales-para-combinar-con-faldas-jeans-y-vestidos-esta-primavera-2026","status":"publish","type":"post","link":"https:\/\/dimensionturistica.com\/es\/estas-sandalias-marrones-son-ideales-para-combinar-con-faldas-jeans-y-vestidos-esta-primavera-2026\/","title":{"rendered":"Estas sandalias marrones son ideales para combinar con faldas, jeans y vestidos esta primavera 2026."},"content":{"rendered":"<h3>Sandalias color caf\u00e9: el aliado inesperado de tu guardarropa primaveral<\/h3>\n<p>Con la llegada de la primavera, la moda se torna m\u00e1s ligera y colorida, permitiendo que los estilos florezcan. Este a\u00f1o, las sandalias color caf\u00e9 emergen como la estrella indiscutible que transformar\u00e1 cualquier atuendo. Aqu\u00ed te contamos c\u00f3mo combinar estas vers\u00e1tiles piezas con faldas, jeans y vestidos para lograr un look impactante.<\/p>\n<h4>Faldas fluidas: un toque de frescura<\/h4>\n<p>Las faldas largas y fluidas son una opci\u00f3n imprescindible en primavera. Cuando se combinan con sandalias color caf\u00e9, se crea un equilibrio perfecto entre comodidad y estilo. Opta por faldas de telas livianas en tonos pasteles o estampados florales. La clave est\u00e1 en asegurarte de que la longitud de la falda no opaque el calzado; un corte midi o maxi con sandalias que dejan ver los dedos es ideal para mostrar tus zapatos y alargar visualmente las piernas.<\/p>\n<h4>Jeans: el cl\u00e1sico reinventado<\/h4>\n<p>El denim nunca pasa de moda, y los jeans son la base ideal para crear un look moderno y casual. Combinar jeans con sandalias color caf\u00e9 es una decisi\u00f3n infalible. Prueba con un par de jeans de corte recto o mom jeans y agr\u00e9gales una blusa ligera o una camiseta b\u00e1sica. Para a\u00f1adir un toque de elegancia, una chaqueta de mezclilla o un blazer ligero completar\u00e1 el atuendo. La tonalidad marr\u00f3n de las sandalias aporta un toque c\u00e1lido que contrasta perfectamente con el azul del denim.<\/p>\n<h4>Vestidos: la opci\u00f3n chic<\/h4>\n<p>Los vestidos son sin duda una de las prendas m\u00e1s f\u00e1ciles de usar en primavera. Cuando optas por un vestido midi o maxi, elegir sandalias color caf\u00e9 puede elevar tu look al instante. Los vestidos en tejidos fluidos y patrones llamativos capturan la atenci\u00f3n, mientras que el calzado marr\u00f3n mantiene un equilibrio sutil. Considera un vestido con un escote en V o un dise\u00f1o asim\u00e9trico para darle un giro fresco a tu conjunto.<\/p>\n<h4>Accesorios que marcan la diferencia<\/h4>\n<p>A la hora de completar tu outfit, los accesorios juegan un papel crucial. Opta por bolsos de mimbre o en tonos neutrales que complementen tus sandalias. Los accesorios en oro o en tonos terracota destacan maravillosamente contra el marr\u00f3n, adem\u00e1s de aportar un aire bohemio y sofisticado. Los pendientes grandes o las pulseras con texturas naturales son tambi\u00e9n elecciones acertadas para dar un toque final llamativo.<\/p>\n<h4>Cuidado y mantenimiento: durabilidad ante todo<\/h4>\n<p>No olvides que el cuidado de tus sandalias color caf\u00e9 es fundamental para mantenerlas en perfecto estado durante toda la temporada. Utiliza un limpiador espec\u00edfico para el material y evita exponerlas a la humedad excesiva. Guardarlas adecuadamente al final de la temporada asegurar\u00e1 su durabilidad, permiti\u00e9ndote lucirlas a\u00f1o tras a\u00f1o.<\/p>\n<p>En conclusi\u00f3n, las sandalias color caf\u00e9 son una inversi\u00f3n vers\u00e1til que puede ser adaptada a diferentes estilos y ocasiones. Ya sea en combinaci\u00f3n con faldas fluidas, jeans o vestidos, estas piezas elevan cualquier atuendo a nuevas alturas. La primavera est\u00e1 aqu\u00ed, as\u00ed que es hora de dar la bienvenida a esta tendencia y dejar que tu creatividad brille. \u00a1Atr\u00e9vete a experimentar!<\/p>\n<p><em> &#8221; Fuentes www.vogue.mx &#8221; <\/em><\/p>\n","protected":false},"excerpt":{"rendered":"<p>Sandalias color caf\u00e9: el aliado inesperado de tu guardarropa primaveral Con la llegada de la primavera, la moda se torna m\u00e1s ligera y colorida, permitiendo que los estilos florezcan. Este a\u00f1o, las sandalias color caf\u00e9 emergen como la estrella indiscutible que transformar\u00e1 cualquier atuendo. Aqu\u00ed te contamos c\u00f3mo combinar estas vers\u00e1tiles piezas con faldas, jeans [&hellip;]<\/p>\n","protected":false},"author":14,"featured_media":1144040,"comment_status":"open","ping_status":"closed","sticky":false,"template":"","format":"standard","meta":{"om_disable_all_campaigns":false,"jnews-multi-image_gallery":[],"jnews_single_post":[],"jnews_primary_category":[],"jnews_social_meta":[],"footnotes":""},"categories":[144872],"tags":[211225,200523,16596,107363,219896,214748,230504,58181,209606,187835,47135,15320],"class_list":["post-1144039","post","type-post","status-publish","format-standard","has-post-thumbnail","hentry","category-fashion","tag-color-cafe","tag-faldas","tag-jeans","tag-mango","tag-massimo-dutti","tag-moda-primavera","tag-primavera-verano-2026","tag-sandalias","tag-sandalias-planas","tag-tendencias-2026","tag-vestidos","tag-zara"],"_links":{"self":[{"href":"https:\/\/dimensionturistica.com\/es\/wp-json\/wp\/v2\/posts\/1144039","targetHints":{"allow":["GET"]}}],"collection":[{"href":"https:\/\/dimensionturistica.com\/es\/wp-json\/wp\/v2\/posts"}],"about":[{"href":"https:\/\/dimensionturistica.com\/es\/wp-json\/wp\/v2\/types\/post"}],"author":[{"embeddable":true,"href":"https:\/\/dimensionturistica.com\/es\/wp-json\/wp\/v2\/users\/14"}],"replies":[{"embeddable":true,"href":"https:\/\/dimensionturistica.com\/es\/wp-json\/wp\/v2\/comments?post=1144039"}],"version-history":[{"count":1,"href":"https:\/\/dimensionturistica.com\/es\/wp-json\/wp\/v2\/posts\/1144039\/revisions"}],"predecessor-version":[{"id":1144041,"href":"https:\/\/dimensionturistica.com\/es\/wp-json\/wp\/v2\/posts\/1144039\/revisions\/1144041"}],"wp:featuredmedia":[{"embeddable":true,"href":"https:\/\/dimensionturistica.com\/es\/wp-json\/wp\/v2\/media\/1144040"}],"wp:attachment":[{"href":"https:\/\/dimensionturistica.com\/es\/wp-json\/wp\/v2\/media?parent=1144039"}],"wp:term":[{"taxonomy":"category","embeddable":true,"href":"https:\/\/dimensionturistica.com\/es\/wp-json\/wp\/v2\/categories?post=1144039"},{"taxonomy":"post_tag","embeddable":true,"href":"https:\/\/dimensionturistica.com\/es\/wp-json\/wp\/v2\/tags?post=1144039"}],"curies":[{"name":"wp","href":"https:\/\/api.w.org\/{rel}","templated":true}]}}