{"id":1144030,"date":"2026-04-25T03:54:01","date_gmt":"2026-04-25T03:54:01","guid":{"rendered":"https:\/\/dimensionturistica.com\/es\/?p=1144030"},"modified":"2026-04-25T03:54:01","modified_gmt":"2026-04-25T03:54:01","slug":"anok-yai-deslumbro-con-su-elegancia-en-la-gala-time100","status":"publish","type":"post","link":"https:\/\/dimensionturistica.com\/es\/anok-yai-deslumbro-con-su-elegancia-en-la-gala-time100\/","title":{"rendered":"Anok Yai Deslumbr\u00f3 con su Elegancia en la Gala Time100"},"content":{"rendered":"<h3>Anok Yai: La Revoluci\u00f3n del Glamour en el Met Gala<\/h3>\n<p>La brillantez del Met Gala se vuelve a\u00fan m\u00e1s impresionante cuando figuras ic\u00f3nicas como Anok Yai utilizan esta pasarela como plataforma para destacar la influencia de la cultura y la moda. En un evento donde el exceso y la creatividad se dan la mano, su estilo audaz y su presencia magn\u00e9tica la han convertido en un s\u00edmbolo de empoderamiento y modernidad.<\/p>\n<h4>Dos Estilos, Un Mensaje<\/h4>\n<p>Yai, con su origen sudan\u00e9s y su formaci\u00f3n en la industria del modelaje, ha sabido trascender m\u00e1s all\u00e1 de las tendencias convencionales, logrando un equilibrio perfecto entre lo cl\u00e1sico y lo contempor\u00e1neo. En el evento m\u00e1s esperado por los amantes de la moda, su elecci\u00f3n de atuendo se destaca no solo por sus elementos visuales, sino tambi\u00e9n por la narrativa que los acompa\u00f1a. Cada prenda y accesorio cuenta una historia, un homenaje a las ra\u00edces culturales que ha decidido abrazar sin reservas.<\/p>\n<h4>Colaboraciones que Marcan la Diferencia<\/h4>\n<p>El empoderamiento no se detiene en la elecci\u00f3n del vestuario. Yai ha trabajado con dise\u00f1adores emergentes, mostrando que la moda puede ser inclusiva y diversa. Esta sinergia de ideas no solo genera impacto en el escenario del Met Gala, sino que tambi\u00e9n inspiran a nuevas generaciones de creativos en el mundo de la moda. La combinaci\u00f3n de su visi\u00f3n con la innovaci\u00f3n de estos dise\u00f1adores destaca la importancia de la colaboraci\u00f3n en la creaci\u00f3n de una moda que sea tanto relevante como accesible.<\/p>\n<h4>Un Impacto Visual<\/h4>\n<p>Photocalls y flashes absorben cada movimiento de Yai, mientras que la atenci\u00f3n sobre ella se centra no solo en su look, sino en la representaci\u00f3n que ofrece. En un mundo donde la diversidad a\u00fan lucha por un lugar destacado, su presencia no puede pasarse por alto. Su atuendo, meticulosamente seleccionado, desaf\u00eda los estereotipos e impulsa la conversaci\u00f3n sobre la belleza en todas sus formas.<\/p>\n<h4>La Moda como Forma de Activismo<\/h4>\n<p>La elecci\u00f3n de Yai de presentarse en este evento de una manera tan intencionada reafirma su compromiso con la representaci\u00f3n. La moda, como siempre, es un reflejo de la sociedad. En un evento que destaca tanto el cors\u00e9 del elitismo como la democratizaci\u00f3n del estilo, Anok se convierte en un puente entre ambos mundos, recordando que la esencia de la moda radica en la autenticidad.<\/p>\n<h4>\u00bfQu\u00e9 Hay en el Futuro?<\/h4>\n<p>A medida que miramos hacia adelante en la evoluci\u00f3n de la moda, es imperativo observar c\u00f3mo figuras como Yai contin\u00faan redefiniendo par\u00e1metros. Su conexi\u00f3n con el p\u00fablico es un recordatorio de que cada elecci\u00f3n de estilo tiene el potencial de ser un comentario social, una forma de activismo sofisticado.<\/p>\n<p>Mantenerse al tanto de sus movimientos no solo es una cuesti\u00f3n de seguir tendencias, sino de ser parte de una conversaci\u00f3n m\u00e1s amplia sobre inclusi\u00f3n, diversidad y la importancia de abrazar lo que nos hace \u00fanicos. La historia de Anok Yai es solo el comienzo de un relato que promete inspirar a muchos en los a\u00f1os venideros.<\/p>\n<p><em> &#8221; Fuentes www.vogue.com &#8221; <\/em><\/p>\n","protected":false},"excerpt":{"rendered":"<p>Anok Yai: La Revoluci\u00f3n del Glamour en el Met Gala La brillantez del Met Gala se vuelve a\u00fan m\u00e1s impresionante cuando figuras ic\u00f3nicas como Anok Yai utilizan esta pasarela como plataforma para destacar la influencia de la cultura y la moda. En un evento donde el exceso y la creatividad se dan la mano, su [&hellip;]<\/p>\n","protected":false},"author":14,"featured_media":1144031,"comment_status":"open","ping_status":"closed","sticky":false,"template":"","format":"standard","meta":{"om_disable_all_campaigns":false,"jnews-multi-image_gallery":[],"jnews_single_post":[],"jnews_primary_category":[],"jnews_social_meta":[],"footnotes":""},"categories":[144872],"tags":[178216,258726,72867,198487,166,76796,167701,222612,77648,165,276914],"class_list":["post-1144030","post","type-post","status-publish","format-standard","has-post-thumbnail","hentry","category-fashion","tag-2023-events","tag-anok-yai","tag-beauty","tag-celebrity-style","tag-fashion","tag-glamour","tag-met-gala","tag-met-gala-2026","tag-model","tag-red-carpet","tag-time100-gala"],"_links":{"self":[{"href":"https:\/\/dimensionturistica.com\/es\/wp-json\/wp\/v2\/posts\/1144030","targetHints":{"allow":["GET"]}}],"collection":[{"href":"https:\/\/dimensionturistica.com\/es\/wp-json\/wp\/v2\/posts"}],"about":[{"href":"https:\/\/dimensionturistica.com\/es\/wp-json\/wp\/v2\/types\/post"}],"author":[{"embeddable":true,"href":"https:\/\/dimensionturistica.com\/es\/wp-json\/wp\/v2\/users\/14"}],"replies":[{"embeddable":true,"href":"https:\/\/dimensionturistica.com\/es\/wp-json\/wp\/v2\/comments?post=1144030"}],"version-history":[{"count":1,"href":"https:\/\/dimensionturistica.com\/es\/wp-json\/wp\/v2\/posts\/1144030\/revisions"}],"predecessor-version":[{"id":1144032,"href":"https:\/\/dimensionturistica.com\/es\/wp-json\/wp\/v2\/posts\/1144030\/revisions\/1144032"}],"wp:featuredmedia":[{"embeddable":true,"href":"https:\/\/dimensionturistica.com\/es\/wp-json\/wp\/v2\/media\/1144031"}],"wp:attachment":[{"href":"https:\/\/dimensionturistica.com\/es\/wp-json\/wp\/v2\/media?parent=1144030"}],"wp:term":[{"taxonomy":"category","embeddable":true,"href":"https:\/\/dimensionturistica.com\/es\/wp-json\/wp\/v2\/categories?post=1144030"},{"taxonomy":"post_tag","embeddable":true,"href":"https:\/\/dimensionturistica.com\/es\/wp-json\/wp\/v2\/tags?post=1144030"}],"curies":[{"name":"wp","href":"https:\/\/api.w.org\/{rel}","templated":true}]}}