{"id":1144003,"date":"2026-04-25T02:11:24","date_gmt":"2026-04-25T02:11:24","guid":{"rendered":"https:\/\/dimensionturistica.com\/es\/?p=1144003"},"modified":"2026-04-25T02:11:24","modified_gmt":"2026-04-25T02:11:24","slug":"tanga-redes-tacones-el-show-de-rocky-horror-celebro-su-regreso-en-broadway-con-una-noche-de-apertura-deslumbrante","status":"publish","type":"post","link":"https:\/\/dimensionturistica.com\/es\/tanga-redes-tacones-el-show-de-rocky-horror-celebro-su-regreso-en-broadway-con-una-noche-de-apertura-deslumbrante\/","title":{"rendered":"\u00a1Tanga! \u00a1Redes! \u00a1Tacones! &#8216;El Show de Rocky Horror&#8217; Celebr\u00f3 Su Regreso en Broadway con una Noche de Apertura Deslumbrante."},"content":{"rendered":"<h3>Noche de Glamour y Rebeld\u00eda: El Espect\u00e1culo que Apasiona<\/h3>\n<p>La ciudad se llen\u00f3 de destellos y extravagancia en una velada que combin\u00f3 la moda con la teatralidad en un evento muy esperado. Las luces brillantes y los ritmos audaces de una obra ic\u00f3nica hicieron que asistentes de todos los rincones se dieran cita para disfrutar de una experiencia multisensorial que dej\u00f3 una huella imborrable. Desde la pasarela a la escena, la vestimenta tom\u00f3 el centro del escenario.<\/p>\n<p>Entre las celebridades que desfilaron por la alfombra roja, se not\u00f3 una mezcla de estilos que homenaje\u00f3 la esencia disruptiva de la obra. Vestidos que desafiaban la gravedad, trajes con cortes audaces y accesorios que evocaban un mundo de fantas\u00eda. Cada atuendo contaba una historia \u00fanica, fusionando el estilo cl\u00e1sico con puntos de vista contempor\u00e1neos.<\/p>\n<p>Las influencias del punk y el glam se entrelazaron, creando un ambiente donde la individualidad fue el hilo conductor. Los vibrantes colores y texturas reflejaron el esp\u00edritu rebelde de los personajes, presentando no solo una est\u00e9tica, sino un mensaje: la celebraci\u00f3n de lo diferente y lo audaz.<\/p>\n<p>Los dise\u00f1adores m\u00e1s reconocidos no se quedaron atr\u00e1s. Cada pieza parec\u00eda dise\u00f1ada para robar miradas y provocar conversaciones. Los peinados, que iban desde lo audaz hasta lo exquisitamente elaborado, acompa\u00f1aron a la perfecci\u00f3n las creaciones, elevando cada conjunto a un nivel casi art\u00edstico.<\/p>\n<p>Los asistentes no solo llevaron puesta la moda, sino que tambi\u00e9n desbordaron carisma y autenticidad. Las interacciones espont\u00e1neas, las sonrisas c\u00f3mplices y las miradas curiosas crearon una atm\u00f3sfera electrizante. Era el tipo de noche en que cada rinc\u00f3n del evento se convert\u00eda en un escenario donde todos pod\u00edan ser protagonistas, sin restricciones.<\/p>\n<p>Las redes sociales r\u00e1pidamente se inundaron de contenido, convirtiendo la velada en un fen\u00f3meno viral. Cada publicaci\u00f3n, comentario y etiqueta aliment\u00f3 la narrativa, donde la moda, el entretenimiento y la cultura converg\u00edan en una explosi\u00f3n de creatividad. La conversaci\u00f3n no solo se centr\u00f3 en la obra, sino en c\u00f3mo la moda puede funcionar como un veh\u00edculo de expresi\u00f3n personal y colectiva.<\/p>\n<p>El evento, que fusion\u00f3 performances deslumbrantes con un sentido del estilo que desafiaba normas, marc\u00f3 un hito en el calendario de la moda contempor\u00e1nea. Lo que sucedi\u00f3 esa noche no fue solo un estreno, sino una afirmaci\u00f3n: la moda tiene el poder de transformar, inspirar y unir a las personas. <\/p>\n<p>Sin duda, la influencia de esta celebraci\u00f3n perdurar\u00e1, fomentando el di\u00e1logo sobre la moda como una forma de resistencia y autenticidad. Queda la pregunta: \u00bfqu\u00e9 mensaje llevaremos con nosotros a medida que continuamos explorando nuevas formas de expresarnos a trav\u00e9s de la moda?<\/p>\n<p><em> &#8221; Fuentes www.vogue.com &#8221; <\/em><\/p>\n","protected":false},"excerpt":{"rendered":"<p>Noche de Glamour y Rebeld\u00eda: El Espect\u00e1culo que Apasiona La ciudad se llen\u00f3 de destellos y extravagancia en una velada que combin\u00f3 la moda con la teatralidad en un evento muy esperado. Las luces brillantes y los ritmos audaces de una obra ic\u00f3nica hicieron que asistentes de todos los rincones se dieran cita para disfrutar [&hellip;]<\/p>\n","protected":false},"author":14,"featured_media":1144004,"comment_status":"open","ping_status":"closed","sticky":false,"template":"","format":"standard","meta":{"om_disable_all_campaigns":false,"jnews-multi-image_gallery":[],"jnews_single_post":[],"jnews_primary_category":[],"jnews_social_meta":[],"footnotes":""},"categories":[144872],"tags":[8352,276906,276908,10526,215594,100654,80068,90380,217471,276907,434,276905,373],"class_list":["post-1144003","post","type-post","status-publish","format-standard","has-post-thumbnail","hentry","category-fashion","tag-broadway","tag-fishnets","tag-glitzy","tag-musical","tag-opening-night","tag-performance","tag-platforms","tag-revival","tag-storytypereporting","tag-the-rocky-horror-show","tag-theater","tag-thongs","tag-web"],"_links":{"self":[{"href":"https:\/\/dimensionturistica.com\/es\/wp-json\/wp\/v2\/posts\/1144003","targetHints":{"allow":["GET"]}}],"collection":[{"href":"https:\/\/dimensionturistica.com\/es\/wp-json\/wp\/v2\/posts"}],"about":[{"href":"https:\/\/dimensionturistica.com\/es\/wp-json\/wp\/v2\/types\/post"}],"author":[{"embeddable":true,"href":"https:\/\/dimensionturistica.com\/es\/wp-json\/wp\/v2\/users\/14"}],"replies":[{"embeddable":true,"href":"https:\/\/dimensionturistica.com\/es\/wp-json\/wp\/v2\/comments?post=1144003"}],"version-history":[{"count":1,"href":"https:\/\/dimensionturistica.com\/es\/wp-json\/wp\/v2\/posts\/1144003\/revisions"}],"predecessor-version":[{"id":1144005,"href":"https:\/\/dimensionturistica.com\/es\/wp-json\/wp\/v2\/posts\/1144003\/revisions\/1144005"}],"wp:featuredmedia":[{"embeddable":true,"href":"https:\/\/dimensionturistica.com\/es\/wp-json\/wp\/v2\/media\/1144004"}],"wp:attachment":[{"href":"https:\/\/dimensionturistica.com\/es\/wp-json\/wp\/v2\/media?parent=1144003"}],"wp:term":[{"taxonomy":"category","embeddable":true,"href":"https:\/\/dimensionturistica.com\/es\/wp-json\/wp\/v2\/categories?post=1144003"},{"taxonomy":"post_tag","embeddable":true,"href":"https:\/\/dimensionturistica.com\/es\/wp-json\/wp\/v2\/tags?post=1144003"}],"curies":[{"name":"wp","href":"https:\/\/api.w.org\/{rel}","templated":true}]}}