{"id":114368,"date":"2021-04-16T03:34:27","date_gmt":"2021-04-16T03:34:27","guid":{"rendered":"https:\/\/dimensionturistica.com\/es\/?p=114368"},"modified":"2021-04-16T03:34:27","modified_gmt":"2021-04-16T03:34:27","slug":"repunta-en-80-contratacion-de-paquetes-de-viajes","status":"publish","type":"post","link":"https:\/\/dimensionturistica.com\/es\/repunta-en-80-contratacion-de-paquetes-de-viajes\/","title":{"rendered":"Repunta en 80% contrataci\u00f3n de paquetes de viajes"},"content":{"rendered":"<p> <br \/>\n<\/p>\n<div id=\"contenido\">\n<div style=\"text-align: justify;\">\n\t<span style=\"font-family:tahoma,geneva,sans-serif;\"><span style=\"font-size:16px;\">San Luis Potos\u00ed, SLP.- Hasta el 80 por ciento fue el repunte de ventas de contrataci\u00f3n de paquetes vacacionales de parte de las agencias de viajes, luego de padecer los estragos del Covid-19 con cancelaci\u00f3n de viajes y cifras a la baja de este sector.\u00a0<br \/>\n<!-- Composite Start --><\/p>\n<p><!-- Composite End --><\/span><\/span><\/div>\n<p>&#13;<br \/>\n\t\u00a0<\/p>\n<p>&#13;<br \/>\n\t<span style=\"font-family:tahoma,geneva,sans-serif;\"><span style=\"font-size:16px;\">As\u00ed lo dio a conocer la presidenta de la secci\u00f3n especializada de Agencias de Viaje de la Canaco-Servytur, de San Luis Potos\u00ed, Roc\u00edo Mac\u00edas Calvo, quien se\u00f1al\u00f3 que, desde que inici\u00f3 la pandemia, las agencias y prestadoras de servicios tur\u00edsticos registraban n\u00fameros a la baja, ya que, con la permanencia del virus, las familias estuvieron cancelando viajes a lo largo del a\u00f1o, sin embargo, en el reciente periodo vacacional de Semana Santa, el turismo finalmente se reactiv\u00f3.\u00a0<\/span><\/span><\/p>\n<p>&#13;<br \/>\n\t\u00a0<\/p>\n<p>&#13;<br \/>\n\t<span style=\"font-family:tahoma,geneva,sans-serif;\"><span style=\"font-size:16px;\">Aunque la tendencia sigue siendo s\u00f3lo destinos nacionales y los m\u00e1s buscados por los potosinos son Canc\u00fan, Los Cabos y Puerto Vallarta.\u00a0<\/span><\/span><\/p>\n<p>&#13;<br \/>\n\t\u00a0<\/p>\n<p>&#13;<br \/>\n\t<span style=\"font-family:tahoma,geneva,sans-serif;\"><span style=\"font-size:16px;\">Mac\u00edas Calvo conf\u00eda que, adem\u00e1s del sem\u00e1foro amarillo, en gran parte del territorio nacional, el inicio de la vacunaci\u00f3n a adultos mayores ha sido un aliciente para reducir el n\u00famero de contagios y que los viajeros recuperen la confianza para hacer viajes de placer.\u00a0<\/span><\/span><\/p>\n<p>&#13;<br \/>\n\t\u00a0<\/p>\n<p>&#13;<br \/>\n\t<span style=\"font-family:tahoma,geneva,sans-serif;\"><span style=\"font-size:16px;\">&#8220;Deseamos que este ritmo contin\u00fae y la vacunaci\u00f3n es una gran noticia para el turismo, esto nos ayuda mucho a que exista m\u00e1s confianza para viajar&#8221;, apunt\u00f3.\u00a0<\/span><\/span><\/p>\n<p>\u00a0<\/p><\/div>\n<p><script>\n  !function(f,b,e,v,n,t,s)\n  {if(f.fbq)return;n=f.fbq=function(){n.callMethod?\n  n.callMethod.apply(n,arguments):n.queue.push(arguments)};\n  if(!f._fbq)f._fbq=n;n.push=n;n.loaded=!0;n.version='2.0';\n  n.queue=[];t=b.createElement(e);t.async=!0;\n  t.src=v;s=b.getElementsByTagName(e)[0];\n  s.parentNode.insertBefore(t,s)}(window, document,'script',\n  'https:\/\/connect.facebook.net\/en_US\/fbevents.js');\n  fbq('init', '504378563074909');\n  fbq('track', 'PageView');\n<\/script><br \/>\n<br \/><\/p>\n<p><em> &#8221; Fuentes planoinformativo.com &#8221; <\/em><\/p>\n","protected":false},"excerpt":{"rendered":"<p>San Luis Potos\u00ed, SLP.- Hasta el 80 por ciento fue el repunte de ventas de contrataci\u00f3n de paquetes vacacionales de parte de las agencias de viajes, luego de padecer los estragos del Covid-19 con cancelaci\u00f3n de viajes y cifras a la baja de este sector.\u00a0 &#13; \u00a0 &#13; As\u00ed lo dio a conocer la presidenta [&hellip;]<\/p>\n","protected":false},"author":4,"featured_media":106556,"comment_status":"open","ping_status":"closed","sticky":false,"template":"","format":"standard","meta":{"om_disable_all_campaigns":false,"jnews-multi-image_gallery":[],"jnews_single_post":[],"jnews_primary_category":[],"jnews_social_meta":[],"footnotes":""},"categories":[40],"tags":[],"class_list":["post-114368","post","type-post","status-publish","format-standard","has-post-thumbnail","hentry","category-industria"],"_links":{"self":[{"href":"https:\/\/dimensionturistica.com\/es\/wp-json\/wp\/v2\/posts\/114368","targetHints":{"allow":["GET"]}}],"collection":[{"href":"https:\/\/dimensionturistica.com\/es\/wp-json\/wp\/v2\/posts"}],"about":[{"href":"https:\/\/dimensionturistica.com\/es\/wp-json\/wp\/v2\/types\/post"}],"author":[{"embeddable":true,"href":"https:\/\/dimensionturistica.com\/es\/wp-json\/wp\/v2\/users\/4"}],"replies":[{"embeddable":true,"href":"https:\/\/dimensionturistica.com\/es\/wp-json\/wp\/v2\/comments?post=114368"}],"version-history":[{"count":0,"href":"https:\/\/dimensionturistica.com\/es\/wp-json\/wp\/v2\/posts\/114368\/revisions"}],"wp:featuredmedia":[{"embeddable":true,"href":"https:\/\/dimensionturistica.com\/es\/wp-json\/wp\/v2\/media\/106556"}],"wp:attachment":[{"href":"https:\/\/dimensionturistica.com\/es\/wp-json\/wp\/v2\/media?parent=114368"}],"wp:term":[{"taxonomy":"category","embeddable":true,"href":"https:\/\/dimensionturistica.com\/es\/wp-json\/wp\/v2\/categories?post=114368"},{"taxonomy":"post_tag","embeddable":true,"href":"https:\/\/dimensionturistica.com\/es\/wp-json\/wp\/v2\/tags?post=114368"}],"curies":[{"name":"wp","href":"https:\/\/api.w.org\/{rel}","templated":true}]}}