{"id":114348,"date":"2021-04-16T02:28:57","date_gmt":"2021-04-16T02:28:57","guid":{"rendered":"https:\/\/dimensionturistica.com\/es\/?p=114348"},"modified":"2021-04-16T02:28:57","modified_gmt":"2021-04-16T02:28:57","slug":"vitrina-turistica-anato-2021-suspendida-hasta-nuevo-aviso","status":"publish","type":"post","link":"https:\/\/dimensionturistica.com\/es\/vitrina-turistica-anato-2021-suspendida-hasta-nuevo-aviso\/","title":{"rendered":"Vitrina Tur\u00edstica ANATO 2021 suspendida hasta nuevo aviso"},"content":{"rendered":"<p> <br \/>\n<\/p>\n<div>\n<p>Luego de varias reuniones adelantadas con el <strong>Ministerio de Comercio, Industria y Turismo<\/strong>; viceministerio de Turismo, <strong>Fontur<\/strong>, <strong>ProColombia<\/strong>, y las entidades gubernamentales regionales, <strong>ANATO<\/strong> ha decidido aplazar la realizaci\u00f3n de la <strong>Vitrina Tur\u00edstica<\/strong>\u00a0<strong>ANATO 2021<\/strong>, en su versi\u00f3n presencial y digital.<\/p>\n<p>Lo anterior, teniendo en cuenta el m\u00e1s reciente anuncio realizado por la Presidencia de la Rep\u00fablica y la Alcald\u00eda de Bogot\u00e1, sobre el desarrollo del tercer pico de contagios de Covid-19 en Colombia, adem\u00e1s de las restricciones que se han empezado a establecer en los diferentes departamentos del pa\u00eds, lo que impedir\u00eda celebrar el evento en los tiempos previstos.\u00a0<\/p>\n<p>\u201cNos vemos en la necesidad de cambiar las fechas de realizaci\u00f3n de la VITRINA TUR\u00cdSTICA ANATO 2021, estamos concertando con las entidades de salud del orden nacional, distrital, as\u00ed como el Viceministerio de Turismo y Fontur, el momento adecuado para garantizar el \u00e9xito de la misma, el cual comunicaremos en los pr\u00f3ximos d\u00edas\u201d, se\u00f1al\u00f3 <strong>Paula Cort\u00e9s Calle<\/strong>, presidenta ejecutiva de ANATO.<\/p>\n<p>La Asociaci\u00f3n agradece el apoyo y la comprensi\u00f3n por parte de las entidades oficiales y autoridades regionales, las Agencias de Viajes y otros gremios del sector, que han manifestado a ANATO su participaci\u00f3n, una vez definida la nueva fecha.\u00a0<\/p>\n<p>\u201cEl desarrollo de este evento es un gran esfuerzo de toda la cadena, ya que corresponde a la reactivaci\u00f3n del turismo y la confianza en la realizaci\u00f3n del sector de eventos y convenciones. La Vitrina Tur\u00edstica de ANATO 2021 ya cuenta con ocupaci\u00f3n de expositores nacionales e internacionales dentro de todo el recinto de Corferias y se registran hasta la fecha m\u00e1s de 5.000 visitantes profesionales inscritos, cumpliendo con el aforo requerido&#8221;, afirm\u00f3 la dirigente gremial.<\/p>\n<\/div>\n<p><script>!function(f,b,e,v,n,t,s){if(f.fbq)return;n=f.fbq=function(){n.callMethod?n.callMethod.apply(n,arguments):n.queue.push(arguments)};if(!f._fbq)f._fbq=n;n.push=n;n.loaded=!0;n.version='2.0';n.queue=[];t=b.createElement(e);t.async=!0;t.src=v;s=b.getElementsByTagName(e)[0];s.parentNode.insertBefore(t,s)}(window,document,'script','https:\/\/connect.facebook.net\/en_US\/fbevents.js');fbq('init','1464046990282831',[],{\"agent\":\"pldrupal-8-8.8.6\"});fbq('track','PageView',[]);<\/script><script>!function(f,b,e,v,n,t,s){if(f.fbq)return;n=f.fbq=function(){n.callMethod?n.callMethod.apply(n,arguments):n.queue.push(arguments)};if(!f._fbq)f._fbq=n;n.push=n;n.loaded=!0;n.version='2.0';n.queue=[];t=b.createElement(e);t.async=!0;t.src=v;s=b.getElementsByTagName(e)[0];s.parentNode.insertBefore(t,s)}(window,document,'script','https:\/\/connect.facebook.net\/en_US\/fbevents.js');fbq('init','1464046990282831');fbq('track','PageView');<\/script><br \/>\n<br \/><\/p>\n<p><em> &#8221; Fuentes www.caribbeannewsdigital.com &#8221; <\/em><\/p>\n","protected":false},"excerpt":{"rendered":"<p>Luego de varias reuniones adelantadas con el Ministerio de Comercio, Industria y Turismo; viceministerio de Turismo, Fontur, ProColombia, y las entidades gubernamentales regionales, ANATO ha decidido aplazar la realizaci\u00f3n de la Vitrina Tur\u00edstica\u00a0ANATO 2021, en su versi\u00f3n presencial y digital. Lo anterior, teniendo en cuenta el m\u00e1s reciente anuncio realizado por la Presidencia de la [&hellip;]<\/p>\n","protected":false},"author":4,"featured_media":0,"comment_status":"open","ping_status":"closed","sticky":false,"template":"","format":"standard","meta":{"om_disable_all_campaigns":false,"jnews-multi-image_gallery":[],"jnews_single_post":[],"jnews_primary_category":[],"jnews_social_meta":[],"footnotes":""},"categories":[40],"tags":[],"class_list":["post-114348","post","type-post","status-publish","format-standard","hentry","category-industria"],"_links":{"self":[{"href":"https:\/\/dimensionturistica.com\/es\/wp-json\/wp\/v2\/posts\/114348","targetHints":{"allow":["GET"]}}],"collection":[{"href":"https:\/\/dimensionturistica.com\/es\/wp-json\/wp\/v2\/posts"}],"about":[{"href":"https:\/\/dimensionturistica.com\/es\/wp-json\/wp\/v2\/types\/post"}],"author":[{"embeddable":true,"href":"https:\/\/dimensionturistica.com\/es\/wp-json\/wp\/v2\/users\/4"}],"replies":[{"embeddable":true,"href":"https:\/\/dimensionturistica.com\/es\/wp-json\/wp\/v2\/comments?post=114348"}],"version-history":[{"count":0,"href":"https:\/\/dimensionturistica.com\/es\/wp-json\/wp\/v2\/posts\/114348\/revisions"}],"wp:attachment":[{"href":"https:\/\/dimensionturistica.com\/es\/wp-json\/wp\/v2\/media?parent=114348"}],"wp:term":[{"taxonomy":"category","embeddable":true,"href":"https:\/\/dimensionturistica.com\/es\/wp-json\/wp\/v2\/categories?post=114348"},{"taxonomy":"post_tag","embeddable":true,"href":"https:\/\/dimensionturistica.com\/es\/wp-json\/wp\/v2\/tags?post=114348"}],"curies":[{"name":"wp","href":"https:\/\/api.w.org\/{rel}","templated":true}]}}