{"id":114271,"date":"2021-04-15T22:30:54","date_gmt":"2021-04-15T22:30:54","guid":{"rendered":"https:\/\/dimensionturistica.com\/es\/?p=114271"},"modified":"2021-04-15T22:30:54","modified_gmt":"2021-04-15T22:30:54","slug":"republica-dominicana-es-anfitriona-de-evento-internacional-de-agencias-de-viajes","status":"publish","type":"post","link":"https:\/\/dimensionturistica.com\/es\/republica-dominicana-es-anfitriona-de-evento-internacional-de-agencias-de-viajes\/","title":{"rendered":"Rep\u00fablica Dominicana es anfitriona de evento internacional de agencias de viajes"},"content":{"rendered":"<p> <br \/>\n<\/p>\n<div>\n<div class=\"paragraph\" mlnid=\"idcon=16186117;order=7.0\">\n<p>La Rep\u00fablica Dominicana es la sede, por primera vez, de la Conferencia Anual de Journey Planners Worldwide \/ Turoperador American Airways Holidays, la cual se lleva a cabo del 14 al 18 de abril 2021, en la regi\u00f3n Este del pa\u00eds.<\/p>\n<p>En el evento donde participan alrededor de 80 propietarios de agencias de viajes y asesores, l\u00edderes de ventas de vacaciones en diferentes ciudades de los Estados Unidos, tiene como objetivo principal conocer mejor el destino dominicano para su promoci\u00f3n.<\/p>\n<p>El mismo se realiza en The Grand Reserve At Paradius Palma Actual, resort Meli\u00e1 Punta Cana, donde desarrollan una amplia agenda de trabajo de cara a la promoci\u00f3n de Rep\u00fablica Dominicana, con la colaboraci\u00f3n de la Oficina de Promoci\u00f3n Tur\u00edstica (OPT) en Nueva York.<\/p>\n<p>A trav\u00e9s de un comunicado, el Ministerio de Turismo realiz\u00f3 la presentaci\u00f3n del pa\u00eds con el prop\u00f3sito de que los agentes de viajes participantes en el evento, conozcan mejor los atractivos tur\u00edsticos, culturales, religiosos, ocios, compra, as\u00ed como, la seguridad e implementaci\u00f3n y desarrollo de protocolos dispuesto por las autoridades en el manejo ante el COVID-19, que afecta el mundo en estos momentos.<\/p>\n<\/p><\/div>\n<div class=\"paragraph\" mlnid=\"idcon=16186325;order=11.0\">\n<p>Amelia Rodr\u00edguez, representante de Journey Planners Worldwide, expres\u00f3 que es la primera vez que realiza este evento en Rep\u00fablica Dominicana, y que fue escogida, no s\u00f3lo por su belleza, sino por los protocolos de salubridad y para que sus clientes vean que se puede viajar.<\/p>\n<p>\u201cA ra\u00edz de la pandemia, luego de una visita que hiciera en diciembre pasado, nuestra vicepresidenta de ventas a la cumbre de American Airlines Vacations en Rep\u00fablica Dominicana, pensamos en un lugar perfecto para realizar este evento y es por ello, que, escogimos este pa\u00eds\u201d, manifest\u00f3 Rodr\u00edguez.<\/p>\n<p>Indic\u00f3, adem\u00e1s, que el evento busca que sus agentes vean la belleza del pa\u00eds, sus grandes atractivos, la calidez y simpat\u00eda de la gente y la gran diversidad de ofertas tur\u00edsticas y as\u00ed, puedan vender m\u00e1s a Rep\u00fablica Dominicana.<\/p>\n<p>Journey Planners Worldwide es una agencia en Orlando Florida y cuenta con m\u00e1s de cuatro mil agentes en todo los Estados Unidos, tiene 10 a\u00f1os realizando este evento donde se reconocen a los agentes m\u00e1s valiosos, quienes producen m\u00e1s de 500 mil d\u00f3lares al a\u00f1o.<\/p>\n<p>Entre las actividades a desarrollar por los agentes de viajes est\u00e1 la integraci\u00f3n a la comunidad con el programa auspiciado por el resort Meli\u00e1, \u201cViajeros con causa\u201d, donde los hu\u00e9spedes realizan aportes a la colectividad native y apadrinada con la donaci\u00f3n de objetos de alta necesidad (art\u00edculos de higiene private, deportivos, recreativos y vestimenta), y as\u00ed conectar la parte de los viajes con el aporte que pueda hacer el turismo al desarrollo de los mun\u00edcipes.<\/p>\n<p>En esta ocasi\u00f3n ser\u00e1 dirigida a ni\u00f1os entre 4 a 16 a\u00f1os de la \u201c Fundaci\u00f3n para un mundo mejor de la ni\u00f1ez desamparada\u201d, en la comunidad de Hig\u00fcey.<\/p>\n<p>Los participantes en la conferencia Journey Planners Worldwide llegaron al pa\u00eds por el Aeropuerto Internacional de Punta Cana, donde fueron recibidos a ritmo de merengue por el Ballet Folcl\u00f3rico del Mitur, que dirige el profesor Oscar Batista.<\/p>\n<\/p><\/div><\/div>\n\n<p><em> &#8221; Fuentes www.diariolibre.com &#8221; <\/em><\/p>\n","protected":false},"excerpt":{"rendered":"<p>La Rep\u00fablica Dominicana es la sede, por primera vez, de la Conferencia Anual de Journey Planners Worldwide \/ Turoperador American Airways Holidays, la cual se lleva a cabo del 14 al 18 de abril 2021, en la regi\u00f3n Este del pa\u00eds. En el evento donde participan alrededor de 80 propietarios de agencias de viajes y [&hellip;]<\/p>\n","protected":false},"author":4,"featured_media":114191,"comment_status":"open","ping_status":"closed","sticky":false,"template":"","format":"standard","meta":{"om_disable_all_campaigns":false,"jnews-multi-image_gallery":[],"jnews_single_post":[],"jnews_primary_category":[],"jnews_social_meta":[],"footnotes":""},"categories":[40],"tags":[1429],"class_list":["post-114271","post","type-post","status-publish","format-standard","has-post-thumbnail","hentry","category-industria","tag-santo-domingo"],"_links":{"self":[{"href":"https:\/\/dimensionturistica.com\/es\/wp-json\/wp\/v2\/posts\/114271","targetHints":{"allow":["GET"]}}],"collection":[{"href":"https:\/\/dimensionturistica.com\/es\/wp-json\/wp\/v2\/posts"}],"about":[{"href":"https:\/\/dimensionturistica.com\/es\/wp-json\/wp\/v2\/types\/post"}],"author":[{"embeddable":true,"href":"https:\/\/dimensionturistica.com\/es\/wp-json\/wp\/v2\/users\/4"}],"replies":[{"embeddable":true,"href":"https:\/\/dimensionturistica.com\/es\/wp-json\/wp\/v2\/comments?post=114271"}],"version-history":[{"count":0,"href":"https:\/\/dimensionturistica.com\/es\/wp-json\/wp\/v2\/posts\/114271\/revisions"}],"wp:featuredmedia":[{"embeddable":true,"href":"https:\/\/dimensionturistica.com\/es\/wp-json\/wp\/v2\/media\/114191"}],"wp:attachment":[{"href":"https:\/\/dimensionturistica.com\/es\/wp-json\/wp\/v2\/media?parent=114271"}],"wp:term":[{"taxonomy":"category","embeddable":true,"href":"https:\/\/dimensionturistica.com\/es\/wp-json\/wp\/v2\/categories?post=114271"},{"taxonomy":"post_tag","embeddable":true,"href":"https:\/\/dimensionturistica.com\/es\/wp-json\/wp\/v2\/tags?post=114271"}],"curies":[{"name":"wp","href":"https:\/\/api.w.org\/{rel}","templated":true}]}}