{"id":114213,"date":"2021-04-15T21:00:22","date_gmt":"2021-04-15T21:00:22","guid":{"rendered":"https:\/\/dimensionturistica.com\/es\/?p=114213"},"modified":"2021-04-15T21:00:22","modified_gmt":"2021-04-15T21:00:22","slug":"propietarios-de-agencias-de-viajes-se-reunen-en-punta-cana","status":"publish","type":"post","link":"https:\/\/dimensionturistica.com\/es\/propietarios-de-agencias-de-viajes-se-reunen-en-punta-cana\/","title":{"rendered":"Propietarios de agencias de viajes se re\u00fanen en Punta Cana"},"content":{"rendered":"<p> <br \/>\n<\/p>\n<div>\n<p>EL NUEVO DIARIO, SANTO DOMINGO.- La Rep\u00fablica Dominicana es sede, por primera vez, de la Conferencia Anual de Journey Planners Worldwide\/Turoperador American Airways Holidays, actividad que reunir\u00e1 hasta el domingo a due\u00f1os de decenas de agencias de viaje, inform\u00f3 este jueves el Ministerio de Turismo.<\/p>\n<p>Al evento, que se celebra en resort de Punta Cana, asisten alrededor de 80 propietarios de agencias de viajes y asesores, l\u00edderes de ventas de vacaciones en diferentes ciudades de los Estados Unidos y tiene como objetivo principal conocer mejor a la Rep\u00fablica Dominicana para su promoci\u00f3n.<\/p>\n<p>En un comunicado emitido por Turismo, Amelia Rodr\u00edguez, representante de Journey Planners Worldwide, dijo que la cita busca que los participantes \u201cvean la belleza del pa\u00eds, sus grandes atractivos, la calidez y simpat\u00eda de la gente y la gran diversidad de ofertas tur\u00edsticas y as\u00ed puedan vender m\u00e1s a Rep\u00fablica Dominicana\u201d.<\/p>\n<p>Journey Planners Worldwide, con sede en Orlando, Florida, y con m\u00e1s de 4,000 agentes en todo los Estados Unidos, tiene 10 a\u00f1os realizando este evento donde se reconocen a los agentes m\u00e1s valiosos.<\/p>\n<\/p><\/div>\n<p><script>(function(d, s, id) {\n  var js, fjs = d.getElementsByTagName(s)[0];\n  if (d.getElementById(id)) return;\n  js = d.createElement(s); js.id = id;\n  js.src = \"https:\/\/connect.facebook.net\/es_LA\/sdk.js#xfbml=1&version=v2.9&appId=203571673042101\";\n  fjs.parentNode.insertBefore(js, fjs);\n}(document, 'script', 'facebook-jssdk'));<\/script><script>window.fbAsyncInit = function() {\n    FB.init({\n      appId      : '1085942941539394',\n      xfbml      : true,\n      version    : 'v2.9'\n    });\n    FB.AppEvents.logPageView();\n  };\n  (function(d, s, id){\n     var js, fjs = d.getElementsByTagName(s)[0];\n     if (d.getElementById(id)) {return;}\n     js = d.createElement(s); js.id = id;\n     js.src = \"https:\/\/connect.facebook.net\/en_US\/sdk.js\";\n     fjs.parentNode.insertBefore(js, fjs);\n   }(document, 'script', 'facebook-jssdk'));<\/script><br \/>\n<br \/><\/p>\n<p><em> &#8221; Fuentes elnuevodiario.com.do &#8221; <\/em><\/p>\n","protected":false},"excerpt":{"rendered":"<p>EL NUEVO DIARIO, SANTO DOMINGO.- La Rep\u00fablica Dominicana es sede, por primera vez, de la Conferencia Anual de Journey Planners Worldwide\/Turoperador American Airways Holidays, actividad que reunir\u00e1 hasta el domingo a due\u00f1os de decenas de agencias de viaje, inform\u00f3 este jueves el Ministerio de Turismo. Al evento, que se celebra en resort de Punta Cana, [&hellip;]<\/p>\n","protected":false},"author":4,"featured_media":114214,"comment_status":"open","ping_status":"closed","sticky":false,"template":"","format":"standard","meta":{"om_disable_all_campaigns":false,"jnews-multi-image_gallery":[],"jnews_single_post":[],"jnews_primary_category":[],"jnews_social_meta":[],"footnotes":""},"categories":[40],"tags":[],"class_list":["post-114213","post","type-post","status-publish","format-standard","has-post-thumbnail","hentry","category-industria"],"_links":{"self":[{"href":"https:\/\/dimensionturistica.com\/es\/wp-json\/wp\/v2\/posts\/114213","targetHints":{"allow":["GET"]}}],"collection":[{"href":"https:\/\/dimensionturistica.com\/es\/wp-json\/wp\/v2\/posts"}],"about":[{"href":"https:\/\/dimensionturistica.com\/es\/wp-json\/wp\/v2\/types\/post"}],"author":[{"embeddable":true,"href":"https:\/\/dimensionturistica.com\/es\/wp-json\/wp\/v2\/users\/4"}],"replies":[{"embeddable":true,"href":"https:\/\/dimensionturistica.com\/es\/wp-json\/wp\/v2\/comments?post=114213"}],"version-history":[{"count":0,"href":"https:\/\/dimensionturistica.com\/es\/wp-json\/wp\/v2\/posts\/114213\/revisions"}],"wp:featuredmedia":[{"embeddable":true,"href":"https:\/\/dimensionturistica.com\/es\/wp-json\/wp\/v2\/media\/114214"}],"wp:attachment":[{"href":"https:\/\/dimensionturistica.com\/es\/wp-json\/wp\/v2\/media?parent=114213"}],"wp:term":[{"taxonomy":"category","embeddable":true,"href":"https:\/\/dimensionturistica.com\/es\/wp-json\/wp\/v2\/categories?post=114213"},{"taxonomy":"post_tag","embeddable":true,"href":"https:\/\/dimensionturistica.com\/es\/wp-json\/wp\/v2\/tags?post=114213"}],"curies":[{"name":"wp","href":"https:\/\/api.w.org\/{rel}","templated":true}]}}