{"id":114205,"date":"2021-04-15T20:43:52","date_gmt":"2021-04-15T20:43:52","guid":{"rendered":"https:\/\/dimensionturistica.com\/es\/?p=114205"},"modified":"2021-04-15T20:43:52","modified_gmt":"2021-04-15T20:43:52","slug":"martinica-planea-celebrar-una-feria-virtual-de-viajes","status":"publish","type":"post","link":"https:\/\/dimensionturistica.com\/es\/martinica-planea-celebrar-una-feria-virtual-de-viajes\/","title":{"rendered":"Martinica planea celebrar una feria virtual de viajes"},"content":{"rendered":"<p> <br \/>\n<\/p>\n<div>\n<p class=\"text-align-justify\"><span><span><span><span lang=\"EN-GB\" xml:lang=\"EN-GB\"><span><span><img decoding=\"async\" alt=\"\" class=\"img-responsive\" height=\"640\" src=\"https:\/\/www.expreso.info\/files\/2021-04\/Martinica_te_invita.jpg\" width=\"1152\"\/>La Autoridad de Turismo de Martinica planea el desarrollo de un programa de viajes digital a celebrarse el pr\u00f3ximo mes de mayo.<\/span><\/span><\/span><\/span><\/span><\/span><\/p>\n<p class=\"text-align-justify\"><span><span><span><span lang=\"EN-GB\" xml:lang=\"EN-GB\"><span><span>El <a rel=\"nofollow noopener\" target=\"_blank\" href=\"https:\/\/martiniquetravelshow.aviarepsvirtualfairs.com\/\"><em>Martinique Travel Show<\/em><\/a> tendr\u00e1 lugar entre el 18 y el 20 de mayo, siendo considerada la primera feria comercial internacional digital en Martinica destinada a la industria de viajes.\u00a0\u00a0 <\/span><\/span><\/span><\/span><\/span><\/span><\/p>\n<p class=\"text-align-justify\"><span><span><span><span lang=\"EN-GB\" xml:lang=\"EN-GB\"><span><span>El objetivo que se persigue es ayudar a los operadores tur\u00edsticos, agentes de viajes y medios de comunicaci\u00f3n a conocer m\u00e1s sobre los \u00faltimos desarrollos y necesidades de los destinos.<\/span><\/span><\/span><\/span><\/span><\/span><\/p>\n<p class=\"text-align-justify\"><span><span><span><span lang=\"EN-GB\" xml:lang=\"EN-GB\"><span><span>La Autoridad de <a rel=\"nofollow noopener\" target=\"_blank\" href=\"https:\/\/us.martinique.org\/\">Turismo <\/a>inform\u00f3 de que \u2018se invitar\u00e1 a los visitantes a explorar todo un universo virtual\u2019, incluyendo reuniones individuales, cabinas virtuales y mundos virtuales, que recogen una mirada en profundidad a los productos b\u00e1sicos de Martinica como pueden ser el ron, la navegaci\u00f3n Yole y la gastronom\u00eda.\u00a0\u00a0 <\/span><\/span><\/span><\/span><\/span><\/span><\/p>\n<p class=\"text-align-justify\"><span><span><span><span lang=\"EN-GB\" xml:lang=\"EN-GB\"><span><span>Cabe recordarse que Martinica es una isla del Caribe perteneciente a las Antillas Menores. Es una regi\u00f3n de ultramar francesa y su cultura refleja una caracter\u00edstica mezcla de influencias de Francia y de las Antillas.<\/span><\/span><\/span><\/span><\/span><\/span><\/p>\n<p class=\"text-align-justify\"><span><span><span><em><span lang=\"EN-GB\" xml:lang=\"EN-GB\"><span><span>Expreso. Redacci\u00f3n. A.F<\/span><\/span><\/span><\/em><\/span><\/span><\/span><\/p>\n<\/div>\n\n<p><em> &#8221; Fuentes www.expreso.info &#8221; <\/em><\/p>\n","protected":false},"excerpt":{"rendered":"<p>La Autoridad de Turismo de Martinica planea el desarrollo de un programa de viajes digital a celebrarse el pr\u00f3ximo mes de mayo. El Martinique Travel Show tendr\u00e1 lugar entre el 18 y el 20 de mayo, siendo considerada la primera feria comercial internacional digital en Martinica destinada a la industria de viajes.\u00a0\u00a0 El objetivo que [&hellip;]<\/p>\n","protected":false},"author":4,"featured_media":114206,"comment_status":"open","ping_status":"closed","sticky":false,"template":"","format":"standard","meta":{"om_disable_all_campaigns":false,"jnews-multi-image_gallery":[],"jnews_single_post":[],"jnews_primary_category":[],"jnews_social_meta":[],"footnotes":""},"categories":[40],"tags":[],"class_list":["post-114205","post","type-post","status-publish","format-standard","has-post-thumbnail","hentry","category-industria"],"_links":{"self":[{"href":"https:\/\/dimensionturistica.com\/es\/wp-json\/wp\/v2\/posts\/114205","targetHints":{"allow":["GET"]}}],"collection":[{"href":"https:\/\/dimensionturistica.com\/es\/wp-json\/wp\/v2\/posts"}],"about":[{"href":"https:\/\/dimensionturistica.com\/es\/wp-json\/wp\/v2\/types\/post"}],"author":[{"embeddable":true,"href":"https:\/\/dimensionturistica.com\/es\/wp-json\/wp\/v2\/users\/4"}],"replies":[{"embeddable":true,"href":"https:\/\/dimensionturistica.com\/es\/wp-json\/wp\/v2\/comments?post=114205"}],"version-history":[{"count":0,"href":"https:\/\/dimensionturistica.com\/es\/wp-json\/wp\/v2\/posts\/114205\/revisions"}],"wp:featuredmedia":[{"embeddable":true,"href":"https:\/\/dimensionturistica.com\/es\/wp-json\/wp\/v2\/media\/114206"}],"wp:attachment":[{"href":"https:\/\/dimensionturistica.com\/es\/wp-json\/wp\/v2\/media?parent=114205"}],"wp:term":[{"taxonomy":"category","embeddable":true,"href":"https:\/\/dimensionturistica.com\/es\/wp-json\/wp\/v2\/categories?post=114205"},{"taxonomy":"post_tag","embeddable":true,"href":"https:\/\/dimensionturistica.com\/es\/wp-json\/wp\/v2\/tags?post=114205"}],"curies":[{"name":"wp","href":"https:\/\/api.w.org\/{rel}","templated":true}]}}