{"id":114196,"date":"2021-04-15T20:35:35","date_gmt":"2021-04-15T20:35:35","guid":{"rendered":"https:\/\/dimensionturistica.com\/es\/?p=114196"},"modified":"2021-04-15T20:35:35","modified_gmt":"2021-04-15T20:35:35","slug":"es-usted-un-ciudadano-ambiental","status":"publish","type":"post","link":"https:\/\/dimensionturistica.com\/es\/es-usted-un-ciudadano-ambiental\/","title":{"rendered":"\u00bfEs usted un ciudadano ambiental?"},"content":{"rendered":"<p> <br \/>\n<\/p>\n<div itemprop=\"articleBody\">\n<p>Todos los d\u00edas tenemos noticias de la pandemia que no termina de remitir. Pero no son las \u00fanicas. En nuestras pantallas se entrecruzan informaciones sobre la <a rel=\"nofollow noopener\" target=\"_blank\" href=\"https:\/\/theconversation.com\/es\/topics\/crisis-climatica-71782\">crisis clim\u00e1tica<\/a> o la presi\u00f3n sobre los ecosistemas. Son solo algunos factores del cambio ambiental international.<\/p>\n<p>Y todos los d\u00edas recibimos noticias de nuevas regulaciones ambientales que nos muestran un mundo que est\u00e1 por nacer. Un ejemplo es <a rel=\"nofollow noopener\" target=\"_blank\" href=\"https:\/\/www.rtve.es\/noticias\/20210414\/francia-aprueba-ley-prohibe-vuelos-nacionales-se-puedan-hacer-tren-menos-dos-horas-media\/2085717.shtml\">la restricci\u00f3n de vuelos en Francia cuando la distancia sea inferior de dos horas y media y se pueda sustituir por viajes en tren<\/a>. El objetivo ambiental es reducir la contaminaci\u00f3n. <\/p>\n<p>Muchas de estas medidas parten de los Gobiernos, pero no son los \u00fanicos que pueden hacer algo. Desde hace d\u00e9cadas se ha implantado la conciencia medioambiental. Y esta nos habla del papel de los ciudadanos en las transformaciones ambientales y, por tanto, sociales y econ\u00f3micas.<\/p>\n<h2>\u00bfQu\u00e9 es la ciudadan\u00eda ambiental?<\/h2>\n<p>Resulta clave conocer qu\u00e9 es la ciudadan\u00eda ambiental para saber qu\u00e9 nos hace ciudadanos ambientales. La <a rel=\"nofollow noopener\" target=\"_blank\" href=\"https:\/\/enec-cost.eu\/our-approach\/enec-environmental-citizenship\/\">Red Europea para la Ciudadan\u00eda Ambiental<\/a> la outline como <a rel=\"nofollow noopener\" target=\"_blank\" href=\"http:\/\/enec-cost.eu\/wp-content\/uploads\/2020\/03\/EEC-in-Focus-Spanish-Final.pdf\">\u201cel comportamiento ambiental responsable de los ciudadanos que act\u00faan y  participan en la sociedad como agentes de cambio en el \u00e1mbito privado y p\u00fablico, a escala local, nacional y global, a trav\u00e9s de acciones individuales y colectivas, en la direcci\u00f3n de la resoluci\u00f3n de problemas ambientales\u201d<\/a>.<\/p>\n<p>Esto supone un cambio essential en nuestro papel de ciudadanos. Ya no solo somos receptores pasivos de regulaciones ambientales, sino que tenemos un papel elementary al ser agentes de cambio.<\/p>\n<p>Esto no supone tener toda la responsabilidad. Nuestras acciones como individuos siempre van a estar enmarcadas en las acciones de Gobierno. Pero tambi\u00e9n somos valedores de las transformaciones del gobierno. Por ello, tenemos un doble papel como agentes de cambio ambiental: nuestro propio comportamiento ambiental y nuestro papel en el cambio de la agenda de los Gobiernos. <\/p>\n<p>Por ello, la ciudadan\u00eda ambiental es essential para el \u00e9xito de cualquier pol\u00edtica ambiental. Existen numerosas pol\u00edticas ambientales muy ambiciosas que necesitan de la participaci\u00f3n indispensable de la ciudadan\u00eda, como las de sostenibilidad y sobre econom\u00eda round y baja en carbono. No son pol\u00edticas que puedan realizarse solo de arriba abajo. Pero tampoco solo de abajo a arriba. <\/p>\n<p>Si algo nos ha ense\u00f1ado la precise disaster sanitaria es que, ante problemas comunes y globales, la cooperaci\u00f3n es indispensable para el \u00e9xito.<\/p>\n<h2>\u00bfQu\u00e9 nos hace ciudadanos ambientales?<\/h2>\n<p>Pasar del concepto de ciudadan\u00eda ambiental al hecho (ser ciudadano ambiental) requiere un importante esfuerzo, en l\u00ednea con la frase que se le reconoce al <a rel=\"nofollow noopener\" target=\"_blank\" href=\"https:\/\/en.wikiquote.org\/wiki\/Helmuth_von_Moltke_the_Elder\">Mariscal de Campo Helmuth Karl Bernard von Moltke<\/a>: \u201cNing\u00fan plan, por bueno que sea, resiste su primer contacto con el enemigo, con la realidad\u201d. <\/p>\n<p>Es esa realidad con la que hay que luchar. \u00bfCu\u00e1les son metaf\u00f3ricamente nuestras armas? Principalmente, adoptar actitudes y comportamientos ambientales en nuestro d\u00eda a d\u00eda y tomar decisiones ecol\u00f3gicas, a nivel specific y colectivo. Y a nivel normal, transformar la sociedad al aumentar nuestra participaci\u00f3n en los procesos de decisiones que permitan incluir en la agenda cuestiones clave. <\/p>\n<p>Adem\u00e1s, es necesario ser conscientes y aplicar nuestros derechos y deberes ambientales. Pero no solo los de nuestro entorno que podemos conocer. Tambi\u00e9n de lugares lejanos que sufren las acciones de nuestro modelo de consumo y de vida. <\/p>\n<h2>\u00bfSomos ciudadanos ambientales?<\/h2>\n<p>Creo que en Espa\u00f1a se han dado importantes pasos para convertirnos en ciudadanos ambientales. Y, de hecho, se ha conseguido que la cuesti\u00f3n ambiental est\u00e9 en la agenda de las Administraciones, aunque todav\u00eda de una manera desigual.<\/p>\n<p>Se trata de una cuesti\u00f3n todav\u00eda en proceso y para la que, como siempre, necesitamos de la educaci\u00f3n, convencional y tambi\u00e9n a trav\u00e9s de los medios de comunicaci\u00f3n. <\/p>\n<p>La educaci\u00f3n es la herramienta clave desde el presente para construir un nuevo futuro en el que podamos convivir en armon\u00eda con la naturaleza. Como se indica en el trabajo de la Pink Europea para la Ciudadan\u00eda Ambiental, \u201cla educaci\u00f3n desempe\u00f1a un papel clave en la configuraci\u00f3n de los futuros ciudadanos ambientales; nadie nace ciudadano ambiental, pero cualquiera puede llegar a serlo a trav\u00e9s de la educaci\u00f3n\u201d.<\/p>\n<p>Ese equilibrio con la naturaleza es el objetivo para un ciudadano ambiental, un ciudadano con conciencia y acci\u00f3n ambiental. Pero no solo desde el concepto buc\u00f3lico de la naturaleza, que tambi\u00e9n es necesario. Tambi\u00e9n desde nuestro derecho a respirar un aire limpio y a tener unos oc\u00e9anos limpios. A gestionar adecuadamente los residuos y cerrar ciclos. A consumir una energ\u00eda limpia, renovable y sostenible. A tener una ordenaci\u00f3n del territorio que proteja los recursos clave y muestre pautas para el equilibrio social, econ\u00f3mico y medioambiental. A tener una ciudad en armon\u00eda con el medio ambiente y conectada con corredores ecol\u00f3gicos.<br \/>\nAl disfrute del medio ambiente sin mermar nuestras posibilidades futuras de desarrollo. A tener un futuro, ambiental.<\/p>\n<\/p><\/div>\n\n<p><em> &#8221; Fuentes theconversation.com &#8221; <\/em><\/p>\n","protected":false},"excerpt":{"rendered":"<p>Todos los d\u00edas tenemos noticias de la pandemia que no termina de remitir. Pero no son las \u00fanicas. En nuestras pantallas se entrecruzan informaciones sobre la crisis clim\u00e1tica o la presi\u00f3n sobre los ecosistemas. Son solo algunos factores del cambio ambiental international. Y todos los d\u00edas recibimos noticias de nuevas regulaciones ambientales que nos muestran [&hellip;]<\/p>\n","protected":false},"author":4,"featured_media":114197,"comment_status":"open","ping_status":"closed","sticky":false,"template":"","format":"standard","meta":{"om_disable_all_campaigns":false,"jnews-multi-image_gallery":[],"jnews_single_post":[],"jnews_primary_category":[],"jnews_social_meta":[],"footnotes":""},"categories":[40],"tags":[],"class_list":["post-114196","post","type-post","status-publish","format-standard","has-post-thumbnail","hentry","category-industria"],"_links":{"self":[{"href":"https:\/\/dimensionturistica.com\/es\/wp-json\/wp\/v2\/posts\/114196","targetHints":{"allow":["GET"]}}],"collection":[{"href":"https:\/\/dimensionturistica.com\/es\/wp-json\/wp\/v2\/posts"}],"about":[{"href":"https:\/\/dimensionturistica.com\/es\/wp-json\/wp\/v2\/types\/post"}],"author":[{"embeddable":true,"href":"https:\/\/dimensionturistica.com\/es\/wp-json\/wp\/v2\/users\/4"}],"replies":[{"embeddable":true,"href":"https:\/\/dimensionturistica.com\/es\/wp-json\/wp\/v2\/comments?post=114196"}],"version-history":[{"count":0,"href":"https:\/\/dimensionturistica.com\/es\/wp-json\/wp\/v2\/posts\/114196\/revisions"}],"wp:featuredmedia":[{"embeddable":true,"href":"https:\/\/dimensionturistica.com\/es\/wp-json\/wp\/v2\/media\/114197"}],"wp:attachment":[{"href":"https:\/\/dimensionturistica.com\/es\/wp-json\/wp\/v2\/media?parent=114196"}],"wp:term":[{"taxonomy":"category","embeddable":true,"href":"https:\/\/dimensionturistica.com\/es\/wp-json\/wp\/v2\/categories?post=114196"},{"taxonomy":"post_tag","embeddable":true,"href":"https:\/\/dimensionturistica.com\/es\/wp-json\/wp\/v2\/tags?post=114196"}],"curies":[{"name":"wp","href":"https:\/\/api.w.org\/{rel}","templated":true}]}}