{"id":114119,"date":"2021-04-15T18:32:15","date_gmt":"2021-04-15T18:32:15","guid":{"rendered":"https:\/\/dimensionturistica.com\/es\/?p=114119"},"modified":"2021-04-15T18:32:15","modified_gmt":"2021-04-15T18:32:15","slug":"air-canada-reembolsara-vuelos-afectados-por-pandemia-covid-19","status":"publish","type":"post","link":"https:\/\/dimensionturistica.com\/es\/air-canada-reembolsara-vuelos-afectados-por-pandemia-covid-19\/","title":{"rendered":"Air Canada reembolsar\u00e1 vuelos afectados por pandemia COVID-19"},"content":{"rendered":"<p> <br \/>\n<\/p>\n<div>\n<a rel=\"nofollow noopener\" target=\"_blank\" href=\"https:\/\/t.me\/transponder12001\"><img decoding=\"async\" class=\"aligncenter size-full wp-image-44290\" src=\"https:\/\/i1.wp.com\/www.transponder1200.com\/wp-content\/uploads\/2021\/01\/TELEGRAM-T1200-V2-728X90.jpg?resize=728%2C90&amp;ssl=1\" alt=\"Telegram\" data-tcjp-recalc-dims=\"1\"\/><\/a><\/p>\n<p style=\"text-align: justify;\"><span style=\"color: #000000;\">Tras el anuncio del multimillonario apoyo gubernamental a <span style=\"color: #0000ff;\"><strong><a rel=\"nofollow noopener\" target=\"_blank\" style=\"color: #0000ff;\" href=\"https:\/\/www.transponder1200.com\/?s=air+canada\">Air Canada<\/a><\/strong><\/span>, la aerol\u00ednea comenzar\u00e1 a realizar los reembolsos a todos los clientes con vuelos cancelados. Horas despu\u00e9s de la confirmaci\u00f3n de los casi 6 mil millones de d\u00f3lares como parte del paquete de ayuda financiera, la aerol\u00ednea canadiense comenz\u00f3 a cumplir con su parte del acuerdo.<\/span><\/p>\n<p><a rel=\"nofollow noopener\" target=\"_blank\" href=\"https:\/\/www.facebook.com\/EscuelaVitar\"><img decoding=\"async\" class=\"aligncenter size-full wp-image-44290\" src=\"https:\/\/i1.wp.com\/www.transponder1200.com\/wp-content\/uploads\/2021\/01\/BANNER-PUBLICIDAD-VITAR-V2-728X90.jpg?resize=728%2C90&amp;ssl=1\" alt=\"AERONAUTICA VITAR\" data-tcjp-recalc-dims=\"1\"\/><\/a><\/p>\n<p style=\"text-align: justify;\"><span style=\"color: #000000;\">Como informamos el 13 de abril, para obtener el monto del Gobierno de Canad\u00e1, la aerol\u00ednea bandera de dicho pa\u00eds tuvo que comprometerse a varios acuerdos. Entre ellos destacan la restauraci\u00f3n de vuelos regionales, mantener la planta de empleados y el reembolso de los clientes. Respecto a ello Air Canada ha dado a conocer qui\u00e9nes y a trav\u00e9s de qu\u00e9 medios podr\u00e1 solicitar las compensaciones correspondientes.<\/span><\/p>\n<p style=\"text-align: justify;\"><span style=\"color: #000000;\">Air Canada inform\u00f3 que los pasajeros que hayan comprado vuelos no reembolsables con fechas de viaje a partir del 1 de febrero del 2020 y no pudieron realizar el viaje podr\u00e1n pedir la devoluci\u00f3n de los billetes. Las solicitudes deber\u00e1n ser registradas a trav\u00e9s de la p\u00e1gina internet o a trav\u00e9s de agentes de viajes donde fueron realizadas las compras. Cabe se\u00f1alar que podr\u00e1n ser pedido sin importar cual haya sido el motivo (private o de la aerol\u00ednea).<\/span><\/p>\n<p><a rel=\"nofollow noopener\" target=\"_blank\" href=\"https:\/\/www.facebook.com\/EscuelaVitar\"><img decoding=\"async\" class=\"aligncenter size-full wp-image-44290\" src=\"https:\/\/i1.wp.com\/www.transponder1200.com\/wp-content\/uploads\/2021\/01\/BANNER-PUBLICIDAD-VITAR-V2-728X90.jpg?resize=728%2C90&amp;ssl=1\" alt=\"AERONAUTICA VITAR\" data-tcjp-recalc-dims=\"1\"\/><\/a><\/p>\n<p style=\"text-align: justify;\"><span style=\"color: #000000;\">A estos se les sumar\u00e1n de ahora en adelante, los vuelos que sean cancelados o reprogramados por m\u00e1s de tres horas. Los pasajeros de dichos vuelos podr\u00e1n recibir una voucher Canada Journey o el valor equivalente en Aeroplan Factors con una bonificaci\u00f3n del 65%. Con esto se busca brindar m\u00e1s certeza y flexibilidad para que los clientes realicen la compra de sus viajes con mayor confianza en Air Canada.<\/span><\/p>\n<p style=\"text-align: justify;\"><span style=\"color: #000000;\">La aerol\u00ednea canadiense ha resaltado que desde marzo del 2020 han reembolsado m\u00e1s de $1.2 mil millones de d\u00f3lares a quienes ten\u00edan boletos reembolsables. Ahora con la entrada del gobierno de Canad\u00e1 a las inversiones de la compa\u00f1\u00eda, as\u00ed como los pr\u00e9stamos que brindar\u00e1n, la aerol\u00ednea deber\u00e1 cumplir con los compromisos establecidos. Adem\u00e1s de los ya mencionados se encuentran:<\/span><\/p>\n<ul>\n<li style=\"text-align: justify;\"><span style=\"color: #000000;\">Adquirir 33 nuevos\u00a0Airbus A220. El inter\u00e9s en ellos es debido a su origen; las aeronaves fueron producidas en Mirabel, Quebec. Adem\u00e1s, deber\u00e1n mantener su orden de compra por 40\u00a0Boeing 737 MAX.<\/span><\/li>\n<li style=\"text-align: justify;\"><span style=\"color: #000000;\">Estar\u00e1 restringido en ciertos gastos de capital, dividendos y compra de acciones, as\u00ed como con las compensaciones de altos ejecutivos de la aerol\u00ednea.<\/span><\/li>\n<li style=\"text-align: justify;\"><span style=\"color: #000000;\">Sostener los casi 15,000 puestos de trabajo.<\/span><\/li>\n<\/ul>\n<div class=\"author_box_tabs\">\n<nav>\n<\/nav>\n<ul class=\"author_box_tabs_content\">\n<li data-content=\"bio\" class=\"selected\">\n<img decoding=\"async\" alt=\"author's avatar\" class=\"birds_box_avatar\" src=\"https:\/\/i0.wp.com\/www.transponder1200.com\/wp-content\/uploads\/2021\/01\/BIO-T1200-INGRID-GIL.png?ssl=1\" data-tcjp-recalc-dims=\"1\"\/><\/p>\n<p><span class=\"by_text\">Por:<\/span> <span class=\"h4_text\">Ingrid Gil<\/span><\/p>\n<p>Sobrecargo de aviaci\u00f3n. Licenciatura en Sociolog\u00eda en FCPyS, UNAM. He colaborado en proyectos de investigaci\u00f3n en el ColMex y la UNAM.\n<\/p>\n<\/li>\n<li data-content=\"social\">\n<img decoding=\"async\" alt=\"author's avatar\" class=\"birds_box_avatar\" src=\"https:\/\/i0.wp.com\/www.transponder1200.com\/wp-content\/uploads\/2021\/01\/BIO-T1200-INGRID-GIL.png?ssl=1\" data-tcjp-recalc-dims=\"1\"\/>\n<\/li>\n<\/ul>\n<\/div>\n<\/div>\n<p><script async=\"\" defer=\"\" crossorigin=\"anonymous\">(function(d, s, id) {\n          var js, fjs = d.getElementsByTagName(s)[0];\n          if (d.getElementById(id)) return;\n          js = d.createElement(s); js.id = id;\n          js.src = \"https:\/\/connect.facebook.net\/en_US\/sdk.js#xfbml=1&appId=&version=v10.0\";\n          fjs.parentNode.insertBefore(js, fjs);\n        }(document, 'script', 'facebook-jssdk'));<\/script><br \/>\n<br \/><\/p>\n<p><em> &#8221; Fuentes www.transponder1200.com &#8221; <\/em><\/p>\n","protected":false},"excerpt":{"rendered":"<p>Tras el anuncio del multimillonario apoyo gubernamental a Air Canada, la aerol\u00ednea comenzar\u00e1 a realizar los reembolsos a todos los clientes con vuelos cancelados. Horas despu\u00e9s de la confirmaci\u00f3n de los casi 6 mil millones de d\u00f3lares como parte del paquete de ayuda financiera, la aerol\u00ednea canadiense comenz\u00f3 a cumplir con su parte del acuerdo. [&hellip;]<\/p>\n","protected":false},"author":4,"featured_media":0,"comment_status":"open","ping_status":"closed","sticky":false,"template":"","format":"standard","meta":{"om_disable_all_campaigns":false,"jnews-multi-image_gallery":[],"jnews_single_post":[],"jnews_primary_category":[],"jnews_social_meta":[],"footnotes":""},"categories":[40],"tags":[],"class_list":["post-114119","post","type-post","status-publish","format-standard","hentry","category-industria"],"_links":{"self":[{"href":"https:\/\/dimensionturistica.com\/es\/wp-json\/wp\/v2\/posts\/114119","targetHints":{"allow":["GET"]}}],"collection":[{"href":"https:\/\/dimensionturistica.com\/es\/wp-json\/wp\/v2\/posts"}],"about":[{"href":"https:\/\/dimensionturistica.com\/es\/wp-json\/wp\/v2\/types\/post"}],"author":[{"embeddable":true,"href":"https:\/\/dimensionturistica.com\/es\/wp-json\/wp\/v2\/users\/4"}],"replies":[{"embeddable":true,"href":"https:\/\/dimensionturistica.com\/es\/wp-json\/wp\/v2\/comments?post=114119"}],"version-history":[{"count":0,"href":"https:\/\/dimensionturistica.com\/es\/wp-json\/wp\/v2\/posts\/114119\/revisions"}],"wp:attachment":[{"href":"https:\/\/dimensionturistica.com\/es\/wp-json\/wp\/v2\/media?parent=114119"}],"wp:term":[{"taxonomy":"category","embeddable":true,"href":"https:\/\/dimensionturistica.com\/es\/wp-json\/wp\/v2\/categories?post=114119"},{"taxonomy":"post_tag","embeddable":true,"href":"https:\/\/dimensionturistica.com\/es\/wp-json\/wp\/v2\/tags?post=114119"}],"curies":[{"name":"wp","href":"https:\/\/api.w.org\/{rel}","templated":true}]}}