{"id":114081,"date":"2021-04-15T18:24:06","date_gmt":"2021-04-15T18:24:06","guid":{"rendered":"https:\/\/dimensionturistica.com\/es\/?p=114081"},"modified":"2021-04-15T18:24:06","modified_gmt":"2021-04-15T18:24:06","slug":"agencias-de-viaje-llaman-a-no-votar-empleo-publico-hasta-que-se-aprueben-mas-reducciones-de-jornada","status":"publish","type":"post","link":"https:\/\/dimensionturistica.com\/es\/agencias-de-viaje-llaman-a-no-votar-empleo-publico-hasta-que-se-aprueben-mas-reducciones-de-jornada\/","title":{"rendered":"Agencias de viaje llaman a no votar Empleo P\u00fablico hasta que se aprueben m\u00e1s reducciones de jornada"},"content":{"rendered":"<p> <br \/>\n<\/p>\n<div>\n<p>Las empresas tur\u00edsticas enfrentar\u00e1n dificultades para mantener a su private, luego de que el gobierno desconvocara un proyecto ley que buscaba ampliar hasta por cuatro meses la reducci\u00f3n de jornadas laborales en el sector, situaci\u00f3n que lamenta la <a rel=\"nofollow noopener\" target=\"_blank\" href=\"https:\/\/www.larepublica.net\/noticia\/agencias-de-viaje-se-fian-de-turistas-nacionales-para-reactivacion\">Asociaci\u00f3n Costarricense de Viajes (ACAV)<\/a>.<\/p>\n<p>\u201cHemos tenido suficiente tolerancia y paciencia con este gobierno. Nos parece una falta de seriedad, empat\u00eda y solidaridad por parte del Poder Ejecutivo hacia el sector turismo, un sector que sigue con ingresos y ventas deca\u00eddas\u201d, expres\u00f3 Sary Valverde, presidenta de ACAV. <\/p>\n<p>La asociaci\u00f3n solicita a los legisladores que se opongan a votar la <a rel=\"nofollow noopener\" target=\"_blank\" href=\"https:\/\/www.larepublica.net\/noticia\/todo-trabajador-estatal-seria-incluido-en-la-ley-de-empleo-publico\">Ley de Empleo P\u00fablico<\/a> hasta no se realice la votaci\u00f3n del expediente que les permite ampliar la reducci\u00f3n de jornadas, que les permite pagar menos a sus colaboradores, bajo condiciones especiales.<\/p>\n<p>\n<a rel=\"nofollow noopener\" target=\"_blank\" class=\"leemas\" href=\"https:\/\/www.larepublica.net\/noticia\/reinicio-de-la-temporada-de-cruceros-se-posterga-hasta-noviembre\"><br \/>\nLea m\u00e1s: Reinicio de la temporada de cruceros se posterga hasta noviembre<br \/>\n<\/a>\n<\/p>\n<p>\u201cEl sector est\u00e1 en crisis, y <a rel=\"nofollow noopener\" target=\"_blank\" href=\"https:\/\/www.larepublica.net\/noticia\/mauricio-ventura-parece-que-los-funcionarios-del-gobierno-no-saben-de-empresa-privada\">este gobierno ningunea al turismo<\/a>, con esta nueva arremetida, no van a quedar empresas formales de turismo para dar trabajo\u201d, agreg\u00f3 Valverde.<\/p>\n<p>M\u00e1s del 40% de las agencias de viaje han tenido que reducir su private para mantenerse a flote mientras la situaci\u00f3n mejora, rebajando la jornada de su private en un 50% al menos y otro 35% de los colaboradores se mantienen con su contrato suspendido.<\/p>\n<p>\n<a rel=\"nofollow noopener\" target=\"_blank\" class=\"leemas\" href=\"https:\/\/www.larepublica.net\/noticia\/royal-caribbean-aplaza-para-junio-regreso-de-sus-cruceros\"><br \/>\nLea m\u00e1s: Royal Caribbean aplaza para junio regreso de sus cruceros<br \/>\n<\/a>\n <\/p>\n<p>\u201cEs una situaci\u00f3n muy lamentable tener que mantener a nuestro personal en estas condiciones, pero consideramos que es preferible a tener que realizar despidos masivos. Hoy requerimos que las condiciones mejoren, necesitamos acelerar el proceso de vacunaci\u00f3n para que se fomenten los viajes al extranjero, adem\u00e1s de acceso a capital de trabajo y la readecuaci\u00f3n de los cr\u00e9ditos existentes\u201d, culmin\u00f3 la directiva.<\/p>\n<\/div>\n<p><script>\n!function(f,b,e,v,n,t,s){if(f.fbq)return;n=f.fbq=function(){n.callMethod?\nn.callMethod.apply(n,arguments):n.queue.push(arguments)};if(!f._fbq)f._fbq=n;\nn.push=n;n.loaded=!0;n.version='2.0';n.queue=[];t=b.createElement(e);t.async=!0;\nt.src=v;s=b.getElementsByTagName(e)[0];s.parentNode.insertBefore(t,s)}(window,\ndocument,'script','https:\/\/connect.facebook.net\/en_US\/fbevents.js');\nfbq('init', '143267720877988');\nfbq('track', \"PageView\");\n<\/script><script async defer src=\"https:\/\/connect.facebook.net\/en_US\/sdk.js\"><\/script><br \/>\n<br \/><\/p>\n<p><em> &#8221; Fuentes www.larepublica.net &#8221; <\/em><\/p>\n","protected":false},"excerpt":{"rendered":"<p>Las empresas tur\u00edsticas enfrentar\u00e1n dificultades para mantener a su private, luego de que el gobierno desconvocara un proyecto ley que buscaba ampliar hasta por cuatro meses la reducci\u00f3n de jornadas laborales en el sector, situaci\u00f3n que lamenta la Asociaci\u00f3n Costarricense de Viajes (ACAV). \u201cHemos tenido suficiente tolerancia y paciencia con este gobierno. Nos parece una [&hellip;]<\/p>\n","protected":false},"author":4,"featured_media":114082,"comment_status":"open","ping_status":"closed","sticky":false,"template":"","format":"standard","meta":{"om_disable_all_campaigns":false,"jnews-multi-image_gallery":[],"jnews_single_post":[],"jnews_primary_category":[],"jnews_social_meta":[],"footnotes":""},"categories":[40],"tags":[],"class_list":["post-114081","post","type-post","status-publish","format-standard","has-post-thumbnail","hentry","category-industria"],"_links":{"self":[{"href":"https:\/\/dimensionturistica.com\/es\/wp-json\/wp\/v2\/posts\/114081","targetHints":{"allow":["GET"]}}],"collection":[{"href":"https:\/\/dimensionturistica.com\/es\/wp-json\/wp\/v2\/posts"}],"about":[{"href":"https:\/\/dimensionturistica.com\/es\/wp-json\/wp\/v2\/types\/post"}],"author":[{"embeddable":true,"href":"https:\/\/dimensionturistica.com\/es\/wp-json\/wp\/v2\/users\/4"}],"replies":[{"embeddable":true,"href":"https:\/\/dimensionturistica.com\/es\/wp-json\/wp\/v2\/comments?post=114081"}],"version-history":[{"count":0,"href":"https:\/\/dimensionturistica.com\/es\/wp-json\/wp\/v2\/posts\/114081\/revisions"}],"wp:featuredmedia":[{"embeddable":true,"href":"https:\/\/dimensionturistica.com\/es\/wp-json\/wp\/v2\/media\/114082"}],"wp:attachment":[{"href":"https:\/\/dimensionturistica.com\/es\/wp-json\/wp\/v2\/media?parent=114081"}],"wp:term":[{"taxonomy":"category","embeddable":true,"href":"https:\/\/dimensionturistica.com\/es\/wp-json\/wp\/v2\/categories?post=114081"},{"taxonomy":"post_tag","embeddable":true,"href":"https:\/\/dimensionturistica.com\/es\/wp-json\/wp\/v2\/tags?post=114081"}],"curies":[{"name":"wp","href":"https:\/\/api.w.org\/{rel}","templated":true}]}}