{"id":114056,"date":"2021-04-15T18:07:38","date_gmt":"2021-04-15T18:07:38","guid":{"rendered":"https:\/\/dimensionturistica.com\/es\/?p=114056"},"modified":"2021-04-15T18:07:38","modified_gmt":"2021-04-15T18:07:38","slug":"espana-notifica-9-663-contagios-mas-y-supera-los-105-000-desde-semana-santa","status":"publish","type":"post","link":"https:\/\/dimensionturistica.com\/es\/espana-notifica-9-663-contagios-mas-y-supera-los-105-000-desde-semana-santa\/","title":{"rendered":"Espa\u00f1a notifica 9.663 contagios m\u00e1s y supera los 105.000 desde Semana Santa"},"content":{"rendered":"<p> <br \/>\n<\/p>\n<div>\n<div class=\"visual__image  image_container\"><img decoding=\"async\" alt=\"Una enfermera de la UCI del Complejo Hospitalario de Navarra atiende a un paciente ingresado en la Unidad de Cuidados Intensivos. EFE\/ Jes\u00fas Diges&#13;&#10;\" height=\"3104\" width=\"4248\" src=\"https:\/\/www.infobae.com\/new-resizer\/4Q7Tcb066YLa138B7VLObtP3TGk=\/420x315\/filters:format(jpg):quality(85)\/cloudfront-us-east-1.images.arcpublishing.com\/infobae\/2MB5AZ37ENEQDFRR5XQXLRYGQ4.jpg\" srcset=\"https:\/\/www.infobae.com\/new-resizer\/4Q7Tcb066YLa138B7VLObtP3TGk=\/420x315\/filters:format(jpg):quality(85)\/cloudfront-us-east-1.images.arcpublishing.com\/infobae\/2MB5AZ37ENEQDFRR5XQXLRYGQ4.jpg 420w,https:\/\/www.infobae.com\/new-resizer\/ZdJRpZhwxlHDor2ELIN8KvZ9TJw=\/768x576\/filters:format(jpg):quality(85)\/cloudfront-us-east-1.images.arcpublishing.com\/infobae\/2MB5AZ37ENEQDFRR5XQXLRYGQ4.jpg 768w,https:\/\/www.infobae.com\/new-resizer\/zT2AwO0f5Hl7MI9nH_nUckZDfGE=\/992x744\/filters:format(jpg):quality(85)\/cloudfront-us-east-1.images.arcpublishing.com\/infobae\/2MB5AZ37ENEQDFRR5XQXLRYGQ4.jpg 992w,https:\/\/www.infobae.com\/new-resizer\/zGcF2YP1KzcqN3vY2A2KnUof22o=\/1200x900\/filters:format(jpg):quality(85)\/cloudfront-us-east-1.images.arcpublishing.com\/infobae\/2MB5AZ37ENEQDFRR5XQXLRYGQ4.jpg 1200w\" sizes=\"(min-width: 800px) 50vw, 90vw\"\/><figcaption>Una enfermera de la UCI del Complejo Hospitalario de Navarra atiende a un paciente ingresado en la Unidad de Cuidados Intensivos. EFE\/ Jes\u00fas Diges&#13;<br \/>\n<\/figcaption><\/div>\n<p class=\"paragraph\">Madrid, 15 abr (EFE).- El Ministerio espa\u00f1ol de Sanidad notific\u00f3 este jueves otros 126 muertos de covid-19, 9.663 contagios m\u00e1s y 105.291 casos desde el inicio de la Semana Santa, lo que representa un 21 por ciento m\u00e1s que en todo el mes de marzo.<br \/>La incidencia sigue al alza y se sit\u00faa de media en 202,7 casos por cien mil habitantes en 14 d\u00edas. <br \/>Desde que comenz\u00f3 la pandemia, 3.396.685 personas se contagiaron y 76.882 fallecieron a causa de la enfermedad.<br \/>Tres regiones contin\u00faan en situaci\u00f3n de riesgo extremo, con una incidencia superior a los 250 casos: en el norte, Navarra (436,8) y Pa\u00eds Vasco (358,9), adem\u00e1s de Madrid (348,5).<br \/>Aun as\u00ed, la incidencia espa\u00f1ola es m\u00e1s baja que en Francia (754,2), Italia (371,6)y Alemania (289,4), aunque cuadruplica la del Reino Unido (48,8). <br \/>La movilidad y los contactos entre la poblaci\u00f3n en Semana Santa, a pesar de las restricciones de viaje impuestas por las autoridades, han provocado tambi\u00e9n una subida de la presi\u00f3n en los cuidados intensivos desde el pasado 1 de abril, que ha pasado del 18,4 % al 21,3 % de camas ocupadas. La incidencia acumulada por cada 100.000 habitantes en 14 d\u00edas ha aumentado 48 puntos.<br \/>Espa\u00f1a ha vacunado a casi doce millones de personas al menos con una primera dosis y ya hay 3.253.537 personas, un 6,9 % de la poblaci\u00f3n, con la pauta completa.<\/p>\n<\/div>\n<p><script defer=\"\">!function(f,b,e,v,n,t,s) {if(f.fbq)return;n=f.fbq=function(){n.callMethod? n.callMethod.apply(n,arguments):n.queue.push(arguments)}; if(!f._fbq)f._fbq=n;n.push=n;n.loaded=!0;n.version='2.0'; n.queue=[];t=b.createElement(e);t.async=!0; t.src=v;s=b.getElementsByTagName(e)[0]; s.parentNode.insertBefore(t,s)}(window, document,'script', 'https:\/\/connect.facebook.net\/en_US\/fbevents.js'); fbq('init', '336383993555320'); fbq('track', 'PageView'); fbq('track', 'ViewContent');<\/script><br \/>\n<br \/><\/p>\n<p><em> &#8221; Fuentes www.infobae.com &#8221; <\/em><\/p>\n","protected":false},"excerpt":{"rendered":"<p>Una enfermera de la UCI del Complejo Hospitalario de Navarra atiende a un paciente ingresado en la Unidad de Cuidados Intensivos. EFE\/ Jes\u00fas Diges&#13; Madrid, 15 abr (EFE).- El Ministerio espa\u00f1ol de Sanidad notific\u00f3 este jueves otros 126 muertos de covid-19, 9.663 contagios m\u00e1s y 105.291 casos desde el inicio de la Semana Santa, lo [&hellip;]<\/p>\n","protected":false},"author":4,"featured_media":114058,"comment_status":"open","ping_status":"closed","sticky":false,"template":"","format":"standard","meta":{"om_disable_all_campaigns":false,"jnews-multi-image_gallery":[],"jnews_single_post":[],"jnews_primary_category":[],"jnews_social_meta":[],"footnotes":""},"categories":[40],"tags":[],"class_list":["post-114056","post","type-post","status-publish","format-standard","has-post-thumbnail","hentry","category-industria"],"_links":{"self":[{"href":"https:\/\/dimensionturistica.com\/es\/wp-json\/wp\/v2\/posts\/114056","targetHints":{"allow":["GET"]}}],"collection":[{"href":"https:\/\/dimensionturistica.com\/es\/wp-json\/wp\/v2\/posts"}],"about":[{"href":"https:\/\/dimensionturistica.com\/es\/wp-json\/wp\/v2\/types\/post"}],"author":[{"embeddable":true,"href":"https:\/\/dimensionturistica.com\/es\/wp-json\/wp\/v2\/users\/4"}],"replies":[{"embeddable":true,"href":"https:\/\/dimensionturistica.com\/es\/wp-json\/wp\/v2\/comments?post=114056"}],"version-history":[{"count":0,"href":"https:\/\/dimensionturistica.com\/es\/wp-json\/wp\/v2\/posts\/114056\/revisions"}],"wp:featuredmedia":[{"embeddable":true,"href":"https:\/\/dimensionturistica.com\/es\/wp-json\/wp\/v2\/media\/114058"}],"wp:attachment":[{"href":"https:\/\/dimensionturistica.com\/es\/wp-json\/wp\/v2\/media?parent=114056"}],"wp:term":[{"taxonomy":"category","embeddable":true,"href":"https:\/\/dimensionturistica.com\/es\/wp-json\/wp\/v2\/categories?post=114056"},{"taxonomy":"post_tag","embeddable":true,"href":"https:\/\/dimensionturistica.com\/es\/wp-json\/wp\/v2\/tags?post=114056"}],"curies":[{"name":"wp","href":"https:\/\/api.w.org\/{rel}","templated":true}]}}