{"id":113944,"date":"2021-04-15T16:05:23","date_gmt":"2021-04-15T16:05:23","guid":{"rendered":"https:\/\/dimensionturistica.com\/es\/?p=113944"},"modified":"2021-04-15T16:05:23","modified_gmt":"2021-04-15T16:05:23","slug":"ute-exonera-de-cargos-fijos-y-potencia-contratada-a-los-sectores-mas-afectados-por-la-pandemia","status":"publish","type":"post","link":"https:\/\/dimensionturistica.com\/es\/ute-exonera-de-cargos-fijos-y-potencia-contratada-a-los-sectores-mas-afectados-por-la-pandemia\/","title":{"rendered":"UTE exonera de cargos fijos y potencia contratada a los sectores m\u00e1s afectados por la pandemia"},"content":{"rendered":"<p> <br \/>\n<\/p>\n<div>\n<h3>El costo whole de todas las medidas adoptadas por UTE en pandemia es de 1.400 millones de pesos.<\/h3>\n<p>El vicepresidente de UTE Julio Luis Sanguinetti confirm\u00f3 en su Twitter una serie de medidas para ayudar a los sectores m\u00e1s afectados por la pandemia. El organismo decidi\u00f3 exonerar de cargos fijos y potencia contratada a los sectores \u201cHoteler\u00eda, Gastronom\u00eda, Salones de Fiestas, Culturales y Agencias de Viaje\u201d.<\/p>\n<p>Adem\u00e1s, para estas empresas se realizar\u00e1n \u201cplanes de financiaci\u00f3n a medida\u201d para que puedan seguir trabajando. Estas medidas tendr\u00e1n un costo de 500 millones de pesos para el ente.<\/p>\n<blockquote class=\"twitter-tweet\" data-width=\"550\" data-dnt=\"true\">\n<p lang=\"es\" dir=\"ltr\">Beneficios para sectores Hoteler\u00eda, Gastronom\u00eda, Salones de Fiestas, Culturales y Agencias de Viaje. En relaci\u00f3n a las medidas adoptadas en beneficio de ciertos sectores m\u00e1s castigados por la pandemia, se ha dispuesto exonerar a dichos sectores de cargos fijos y (sigue)<\/p>\n<p>\u2014 Julio Luis Sanguinetti (@JulioLuisSangu1) <a rel=\"nofollow noopener\" target=\"_blank\" href=\"https:\/\/twitter.com\/JulioLuisSangu1\/status\/1382467655093870596?ref_src=twsrc%5Etfw\">April 14, 2021<\/a><\/p>\n<\/blockquote>\n<p>Sanguinetti destac\u00f3 que, junto a esas medidas, UTE financi\u00f3 en 12 cuotas deudas \u201cde clientes residenciales atrasados desde el comienzo de la pandemia\u201d. Con esto, el costo whole de las medidas adoptadas es de 1.400 millones de pesos.<\/p>\n<p>En otro tweet agreg\u00f3 que tambi\u00e9n se exoneraron en julio las tasas de reconexi\u00f3n a comercios que tuvieron que cerrar por la pandemia, para \u201cfacilitar su reapertura\u201d.<\/p>\n<blockquote class=\"twitter-tweet\" data-width=\"550\" data-dnt=\"true\">\n<p lang=\"es\" dir=\"ltr\">Exoneraci\u00f3n de las tasas por reconexi\u00f3n o rehabilitaci\u00f3n del servicio para clientes comerciales no residenciales que, a ra\u00edz de la situaci\u00f3n debieron cesar sus actividades, contribuyendo de esta forma a facilitar su reapertura (30\/7\/2020).<br \/>M\u00e1s aportes de <a rel=\"nofollow noopener\" target=\"_blank\" href=\"https:\/\/twitter.com\/UTE_ComCorp?ref_src=twsrc%5Etfw\">@UTE_ComCorp<\/a>  en Pandemia<\/p>\n<p>\u2014 Julio Luis Sanguinetti (@JulioLuisSangu1) <a rel=\"nofollow noopener\" target=\"_blank\" href=\"https:\/\/twitter.com\/JulioLuisSangu1\/status\/1382704916880355328?ref_src=twsrc%5Etfw\">April 15, 2021<\/a><\/p>\n<\/blockquote><\/div>\n<p><script async src=\"\/\/platform.twitter.com\/widgets.js\" charset=\"utf-8\"><\/script><script async defer crossorigin=\"anonymous\">(function(d, s, id) {\n          var js, fjs = d.getElementsByTagName(s)[0];\n          if (d.getElementById(id)) return;\n          js = d.createElement(s); js.id = id;\n          js.src = \"https:\/\/connect.facebook.net\/es_ES\/sdk.js#xfbml=1&appId=283974435425376&version=v10.0\";\n          fjs.parentNode.insertBefore(js, fjs);\n        }(document, 'script', 'facebook-jssdk'));<\/script><br \/>\n<br \/><\/p>\n<p><em> &#8221; Fuentes 970universal.com &#8221; <\/em><\/p>\n","protected":false},"excerpt":{"rendered":"<p>El costo whole de todas las medidas adoptadas por UTE en pandemia es de 1.400 millones de pesos. El vicepresidente de UTE Julio Luis Sanguinetti confirm\u00f3 en su Twitter una serie de medidas para ayudar a los sectores m\u00e1s afectados por la pandemia. El organismo decidi\u00f3 exonerar de cargos fijos y potencia contratada a los [&hellip;]<\/p>\n","protected":false},"author":4,"featured_media":113945,"comment_status":"open","ping_status":"closed","sticky":false,"template":"","format":"standard","meta":{"om_disable_all_campaigns":false,"jnews-multi-image_gallery":[],"jnews_single_post":[],"jnews_primary_category":[],"jnews_social_meta":[],"footnotes":""},"categories":[40],"tags":[],"class_list":["post-113944","post","type-post","status-publish","format-standard","has-post-thumbnail","hentry","category-industria"],"_links":{"self":[{"href":"https:\/\/dimensionturistica.com\/es\/wp-json\/wp\/v2\/posts\/113944","targetHints":{"allow":["GET"]}}],"collection":[{"href":"https:\/\/dimensionturistica.com\/es\/wp-json\/wp\/v2\/posts"}],"about":[{"href":"https:\/\/dimensionturistica.com\/es\/wp-json\/wp\/v2\/types\/post"}],"author":[{"embeddable":true,"href":"https:\/\/dimensionturistica.com\/es\/wp-json\/wp\/v2\/users\/4"}],"replies":[{"embeddable":true,"href":"https:\/\/dimensionturistica.com\/es\/wp-json\/wp\/v2\/comments?post=113944"}],"version-history":[{"count":0,"href":"https:\/\/dimensionturistica.com\/es\/wp-json\/wp\/v2\/posts\/113944\/revisions"}],"wp:featuredmedia":[{"embeddable":true,"href":"https:\/\/dimensionturistica.com\/es\/wp-json\/wp\/v2\/media\/113945"}],"wp:attachment":[{"href":"https:\/\/dimensionturistica.com\/es\/wp-json\/wp\/v2\/media?parent=113944"}],"wp:term":[{"taxonomy":"category","embeddable":true,"href":"https:\/\/dimensionturistica.com\/es\/wp-json\/wp\/v2\/categories?post=113944"},{"taxonomy":"post_tag","embeddable":true,"href":"https:\/\/dimensionturistica.com\/es\/wp-json\/wp\/v2\/tags?post=113944"}],"curies":[{"name":"wp","href":"https:\/\/api.w.org\/{rel}","templated":true}]}}