{"id":113922,"date":"2021-04-15T15:57:16","date_gmt":"2021-04-15T15:57:16","guid":{"rendered":"https:\/\/dimensionturistica.com\/es\/?p=113922"},"modified":"2021-04-15T15:57:17","modified_gmt":"2021-04-15T15:57:17","slug":"en-la-paz-amav-certifica-a-empresarios-para-el-manejo-responsable-del-turismo","status":"publish","type":"post","link":"https:\/\/dimensionturistica.com\/es\/en-la-paz-amav-certifica-a-empresarios-para-el-manejo-responsable-del-turismo\/","title":{"rendered":"En La Paz, AMAV certifica a empresarios para el Manejo Responsable del Turismo"},"content":{"rendered":"<p> <br \/>\n<\/p>\n<div>\n<p style=\"text-align: justify;\">La Paz, Baja California Sur.- Con el objetivo de ofrecer al turismo la m\u00e1xima calidad y seguridad sanitaria, la coordinaci\u00f3n Inter estatal de la Zona Noroeste de Pueblos M\u00e1gicos y Rutas M\u00e1gicas del noroeste en coordinaci\u00f3n con la Asociaci\u00f3n Mexicana de Agencias de Viaje (AMAV) ponen a disposici\u00f3n de los interesados la primer certificaci\u00f3n para el Manejo Responsable del Turismo (MRT), mismo que cuenta con el aval de la Secretar\u00eda de Turismo (SECTUR) y la Secretar\u00eda de Salud federales.<\/p>\n<p style=\"text-align: justify;\">La citada certificaci\u00f3n que ser\u00e1 otorgada a las empresas involucradas en el sector tur\u00edstico como hoteles, restaurantes, agencias de viajes, prestadores de servicios, turoperadores y transportadoras, se llevar\u00e1 a cabo el pr\u00f3ximo 26 y 27 de abril en las instalaciones del resort CityExpress de La Paz.<\/p>\n<p style=\"text-align: justify;\">Dicha herramienta es un complemento de los protocolos sanitarios de salud emitidos por las instancias gubernamentales a nivel nacional y estatal, y que otorga a las empresas la confianza y tranquilidad del turismo al utilizar y ejecutar una metodolog\u00eda actualizada y profesional de los expertos en la materia.<\/p>\n<p style=\"text-align: justify;\">Al mismo tiempo, el MRT cumplir\u00e1 con alcance de responsabilidad empresarial que cumplen con los protocolos vigentes de salud sobre las medidas b\u00e1sicas de operaci\u00f3n y manejo de instrumentos de trabajo para el cuidado interno y externo del private y el turismo en las instalaciones; adem\u00e1s de la implementaci\u00f3n y adici\u00f3n a las normas generales de salud implementadas a nivel nacional y complementarias con punto limpio.<\/p>\n<p style=\"text-align: justify;\"><strong>Los beneficios:<\/strong><\/p>\n<ol>\n<li style=\"text-align: justify;\">Contar con su private totalmente capacitado para el manejo responsable de los turistas que llegan a su negocio y tengan la entera confianza de que se encuentran en instalaciones con un manejo responsable ante el Covid-19.<\/li>\n<li style=\"text-align: justify;\">Entrar en la Base de datos Nacional de las agencias de viajes afiliadas AMAV siendo empresas Certificadas con MRT y con ello ofreciendo un destino seguro y poder ser participe en la recomendaci\u00f3n Tur\u00edstica de viaje al destino de LA PAZ, B.C.S. ingresando en la cadena de valor de la Asociaci\u00f3n Mexicana de Agencias de Viajes (AMAV) nacional. Podr\u00e1 recomendar ampliamente los servicios que su empresa ofrece Al Turista Nacional e Internacional.<\/li>\n<li style=\"text-align: justify;\">El private que cuente con la Certificaci\u00f3n en MRT se le otorgar\u00eda la documentaci\u00f3n que lo acredite ante las instituciones gubernamentales especialmente de salud y Turismo Estatal y Federal.<\/li>\n<\/ol>\n<p style=\"text-align: justify;\">Debido al las restricciones de aforo, los interesados en dicha certificaci\u00f3n podr\u00e1n obtener mayor informaci\u00f3n y\/o reservar su lugar en el n\u00famero 612\u2022152\u20224456 o bien, por correo electr\u00f3nico rutasmagicasdelnoroeste@gmail.com<\/p>\n<\/p><\/div>\n<p><script type=\"text\/javascript\">\n!function(f,b,e,v,n,t,s){if(f.fbq)return;n=f.fbq=function(){n.callMethod?\nn.callMethod.apply(n,arguments):n.queue.push(arguments)};if(!f._fbq)f._fbq=n;\nn.push=n;n.loaded=!0;n.version='2.0';n.queue=[];t=b.createElement(e);t.async=!0;\nt.src=v;s=b.getElementsByTagName(e)[0];s.parentNode.insertBefore(t,s)}(window,\ndocument,'script','https:\/\/connect.facebook.net\/en_US\/fbevents.js');\n<\/script><br \/>\n<br \/><\/p>\n<p><em> &#8221; Fuentes elcentinelabcs.com &#8221; <\/em><\/p>\n","protected":false},"excerpt":{"rendered":"<p>La Paz, Baja California Sur.- Con el objetivo de ofrecer al turismo la m\u00e1xima calidad y seguridad sanitaria, la coordinaci\u00f3n Inter estatal de la Zona Noroeste de Pueblos M\u00e1gicos y Rutas M\u00e1gicas del noroeste en coordinaci\u00f3n con la Asociaci\u00f3n Mexicana de Agencias de Viaje (AMAV) ponen a disposici\u00f3n de los interesados la primer certificaci\u00f3n para [&hellip;]<\/p>\n","protected":false},"author":4,"featured_media":113923,"comment_status":"open","ping_status":"closed","sticky":false,"template":"","format":"standard","meta":{"om_disable_all_campaigns":false,"jnews-multi-image_gallery":[],"jnews_single_post":[],"jnews_primary_category":[],"jnews_social_meta":[],"footnotes":""},"categories":[40],"tags":[],"class_list":["post-113922","post","type-post","status-publish","format-standard","has-post-thumbnail","hentry","category-industria"],"_links":{"self":[{"href":"https:\/\/dimensionturistica.com\/es\/wp-json\/wp\/v2\/posts\/113922","targetHints":{"allow":["GET"]}}],"collection":[{"href":"https:\/\/dimensionturistica.com\/es\/wp-json\/wp\/v2\/posts"}],"about":[{"href":"https:\/\/dimensionturistica.com\/es\/wp-json\/wp\/v2\/types\/post"}],"author":[{"embeddable":true,"href":"https:\/\/dimensionturistica.com\/es\/wp-json\/wp\/v2\/users\/4"}],"replies":[{"embeddable":true,"href":"https:\/\/dimensionturistica.com\/es\/wp-json\/wp\/v2\/comments?post=113922"}],"version-history":[{"count":0,"href":"https:\/\/dimensionturistica.com\/es\/wp-json\/wp\/v2\/posts\/113922\/revisions"}],"wp:featuredmedia":[{"embeddable":true,"href":"https:\/\/dimensionturistica.com\/es\/wp-json\/wp\/v2\/media\/113923"}],"wp:attachment":[{"href":"https:\/\/dimensionturistica.com\/es\/wp-json\/wp\/v2\/media?parent=113922"}],"wp:term":[{"taxonomy":"category","embeddable":true,"href":"https:\/\/dimensionturistica.com\/es\/wp-json\/wp\/v2\/categories?post=113922"},{"taxonomy":"post_tag","embeddable":true,"href":"https:\/\/dimensionturistica.com\/es\/wp-json\/wp\/v2\/tags?post=113922"}],"curies":[{"name":"wp","href":"https:\/\/api.w.org\/{rel}","templated":true}]}}