{"id":1135748,"date":"2026-04-09T04:39:20","date_gmt":"2026-04-09T04:39:20","guid":{"rendered":"https:\/\/dimensionturistica.com\/es\/?p=1135748"},"modified":"2026-04-09T04:39:20","modified_gmt":"2026-04-09T04:39:20","slug":"la-fundadora-de-fleur-du-mal-jennifer-zuccarini-busca-sorprenderte","status":"publish","type":"post","link":"https:\/\/dimensionturistica.com\/es\/la-fundadora-de-fleur-du-mal-jennifer-zuccarini-busca-sorprenderte\/","title":{"rendered":"La Fundadora de Fleur du Mal, Jennifer Zuccarini, Busca Sorprenderte."},"content":{"rendered":"<h3>La Fusi\u00f3n de la Elegancia y la Provocaci\u00f3n en la Moda Contempor\u00e1nea<\/h3>\n<p>En un mundo donde la moda transciende tendencias ef\u00edmeras, la fundadora de una marca innovadora ha capturado la atenci\u00f3n de la industria con su enfoque audaz y visionario. La dise\u00f1adora se ha posicionado como una figura representativa en la intersecci\u00f3n entre la sensualidad y la alta costura, desafiando las normas tradicionales y llevando al espectador a un viaje visual impactante.<\/p>\n<p>Desde sus inicios, esta creadora ha buscado evocar emociones a trav\u00e9s de sus dise\u00f1os. La clave de su \u00e9xito radica en la capacidad de fusionar el arte con la vestimenta, creando piezas que no solo se llevan, sino que tambi\u00e9n se sienten. Cada colecci\u00f3n es un evento que juega con la dualidad de lo provocativo y lo chic, logrando que cada prenda cuente una historia \u00fanica, un relato que invita a ser explorado.<\/p>\n<p>La audacia de su enfoque se refleja en el uso de materiales, cortes y siluetas que rompen con lo convencional. El deseo de sorprender se ha convertido en una filosof\u00eda de dise\u00f1o que anima a las clientas a mostrar su verdadero yo. En un entorno donde la autenticidad es cada vez m\u00e1s valorada, su labor se erige como un referente de libertad de expresi\u00f3n.<\/p>\n<p>Las creaciones de esta marca no est\u00e1n destinadas a la pasarela \u00fanicamente; buscan infiltrarse en la vida cotidiana de quienes las atesoran. As\u00ed, cada pieza se convierte en un s\u00edmbolo de empoderamiento. La dise\u00f1adora ha manifestado que su intenci\u00f3n es que las personas que vistan sus prendas se sientan invencibles, preparadas para conquistar cualquier desaf\u00edo que la vida les presente.<\/p>\n<p>El impacto de su obra tambi\u00e9n se extiende m\u00e1s all\u00e1 de lo est\u00e9tico. En una era donde la sostenibilidad y la \u00e9tica en la moda son temas recurrentes, se han tomado medidas para asegurar que la producci\u00f3n de las prendas sea consciente y responsable. De este modo, la marca no solo se alinea con un estilo distintivo, sino que tambi\u00e9n establece un nuevo est\u00e1ndar en la industria, combinando la responsabilidad social con la alta moda.<\/p>\n<p>Entre las colaboraciones m\u00e1s recientes, destaca una asociaci\u00f3n inesperada que ha dejado a muchos con ganas de ver m\u00e1s. Cada nueva uni\u00f3n art\u00edstica promete no solo innovar, sino revolucionar la manera en que se percibe la moda contempor\u00e1nea. Las expectativas est\u00e1n altas y la comunidad fashionista aguarda con anticipaci\u00f3n cada revelaci\u00f3n.<\/p>\n<p>Este enfoque disruptivo ha generado un torrente de conversaci\u00f3n en redes sociales, donde los seguidores se han unido para declarar su amor por una est\u00e9tica que desaf\u00eda los l\u00edmites. La capacidad de la marca para mantener a su audiencia comprometida es un testimonio del poder de la creatividad desatada.<\/p>\n<p>Con cada colecci\u00f3n, esta dise\u00f1adora avanza en un camino que no conoce fronteras, marcando un hito en la narrativa de la moda actual. En este paisaje, la provocaci\u00f3n se convierte en una herramienta de autodescubrimiento, y la elegancia, en un acto de rebeli\u00f3n contra lo ordinario.<\/p>\n<p>El futuro de la moda, sin duda, ser\u00e1 deslumbrante, y la mirada est\u00e1 puesta en aquellos que se atreven a so\u00f1ar, a crear y a transformar. La revoluci\u00f3n est\u00e1 en marcha, y no hay vuelta atr\u00e1s.<\/p>\n<p><em> &#8221; Fuentes www.vogue.com &#8221; <\/em><\/p>\n","protected":false},"excerpt":{"rendered":"<p>La Fusi\u00f3n de la Elegancia y la Provocaci\u00f3n en la Moda Contempor\u00e1nea En un mundo donde la moda transciende tendencias ef\u00edmeras, la fundadora de una marca innovadora ha capturado la atenci\u00f3n de la industria con su enfoque audaz y visionario. La dise\u00f1adora se ha posicionado como una figura representativa en la intersecci\u00f3n entre la sensualidad [&hellip;]<\/p>\n","protected":false},"author":14,"featured_media":1135749,"comment_status":"open","ping_status":"closed","sticky":false,"template":"","format":"standard","meta":{"om_disable_all_campaigns":false,"jnews-multi-image_gallery":[],"jnews_single_post":[],"jnews_primary_category":[],"jnews_social_meta":[],"footnotes":""},"categories":[144872],"tags":[98945,29821,73695,166,210648,274457,5492,274458,69354,206214,8774],"class_list":["post-1135748","post","type-post","status-publish","format-standard","has-post-thumbnail","hentry","category-fashion","tag-creativity","tag-design","tag-entrepreneurship","tag-fashion","tag-feminism","tag-fleur-du-mal","tag-innovation","tag-jennifer-zuccarini","tag-latest","tag-lingerie","tag-luxury"],"_links":{"self":[{"href":"https:\/\/dimensionturistica.com\/es\/wp-json\/wp\/v2\/posts\/1135748","targetHints":{"allow":["GET"]}}],"collection":[{"href":"https:\/\/dimensionturistica.com\/es\/wp-json\/wp\/v2\/posts"}],"about":[{"href":"https:\/\/dimensionturistica.com\/es\/wp-json\/wp\/v2\/types\/post"}],"author":[{"embeddable":true,"href":"https:\/\/dimensionturistica.com\/es\/wp-json\/wp\/v2\/users\/14"}],"replies":[{"embeddable":true,"href":"https:\/\/dimensionturistica.com\/es\/wp-json\/wp\/v2\/comments?post=1135748"}],"version-history":[{"count":1,"href":"https:\/\/dimensionturistica.com\/es\/wp-json\/wp\/v2\/posts\/1135748\/revisions"}],"predecessor-version":[{"id":1135750,"href":"https:\/\/dimensionturistica.com\/es\/wp-json\/wp\/v2\/posts\/1135748\/revisions\/1135750"}],"wp:featuredmedia":[{"embeddable":true,"href":"https:\/\/dimensionturistica.com\/es\/wp-json\/wp\/v2\/media\/1135749"}],"wp:attachment":[{"href":"https:\/\/dimensionturistica.com\/es\/wp-json\/wp\/v2\/media?parent=1135748"}],"wp:term":[{"taxonomy":"category","embeddable":true,"href":"https:\/\/dimensionturistica.com\/es\/wp-json\/wp\/v2\/categories?post=1135748"},{"taxonomy":"post_tag","embeddable":true,"href":"https:\/\/dimensionturistica.com\/es\/wp-json\/wp\/v2\/tags?post=1135748"}],"curies":[{"name":"wp","href":"https:\/\/api.w.org\/{rel}","templated":true}]}}