{"id":1135728,"date":"2026-04-09T03:38:19","date_gmt":"2026-04-09T03:38:19","guid":{"rendered":"https:\/\/dimensionturistica.com\/es\/?p=1135728"},"modified":"2026-04-09T03:38:19","modified_gmt":"2026-04-09T03:38:19","slug":"el-centro-de-movilidad-2026-comienza-este-jueves-en-el-eurostars-grand-marina-de-barcelona","status":"publish","type":"post","link":"https:\/\/dimensionturistica.com\/es\/el-centro-de-movilidad-2026-comienza-este-jueves-en-el-eurostars-grand-marina-de-barcelona\/","title":{"rendered":"El Centro de Movilidad 2026 comienza este jueves en el Eurostars Grand Marina de Barcelona."},"content":{"rendered":"<h3>Barcelona se Prepara para un Encuentro Innovador en el Sector del Turismo<\/h3>\n<p>Este jueves, la vibrante ciudad de Barcelona se convertir\u00e1 en el epicentro de la movilidad tur\u00edstica con el inicio de un evento que promete redefinir la forma en que entendemos y vivimos la experiencia de viajar. El Eurostars Grand Marina ser\u00e1 el escenario perfecto para dar la bienvenida a un evento que re\u00fane a l\u00edderes y expertos del sector, centrado en la innovaci\u00f3n y la sostenibilidad.<\/p>\n<p>El encuentro, que se extender\u00e1 a lo largo de varios d\u00edas, abordar\u00e1 temas cruciales para el futuro del turismo. En un mundo en continuo cambio, donde la tecnolog\u00eda juega un rol fundamental, la colaboraci\u00f3n entre distintos actores se hace m\u00e1s necesaria que nunca. Exhibiciones, talleres y conferencias ser\u00e1n el hilo conductor de una agenda rica en contenido, dise\u00f1ada para fomentar el debate y la propuesta de soluciones efectivas.<\/p>\n<p>Una de las tendencias m\u00e1s intrigantes ser\u00e1 el an\u00e1lisis de las nuevas preferencias de los viajeros post-pandemia. Los consumidores est\u00e1n cada vez m\u00e1s interesados en experiencias personalizadas y sostenibles, lo que obliga a las empresas del sector a reajustar sus ofertas. Este evento no solo servir\u00e1 como plataforma para presentar innovaciones, sino tambi\u00e9n como un espacio para la reflexi\u00f3n sobre la \u00e9tica y la responsabilidad en el turismo.<\/p>\n<p>Adem\u00e1s, se espera la participaci\u00f3n de startups emergentes que est\u00e1n revolucionando el concepto de movilidad. Desde aplicaciones que optimizan itinerarios hasta soluciones que promueven el transporte ecol\u00f3gico, estas iniciativas est\u00e1n en la vanguardia del cambio y buscan atraer la atenci\u00f3n de inversores y socios estrat\u00e9gicos.<\/p>\n<p>El entorno cosmopolita de Barcelona aporta un valor a\u00f1adido al evento. Esta ciudad, reconocida por su rica cultura y su enfoque en la sostenibilidad, es la anfitriona ideal para un encuentro que tiene como objetivo cimentar relaciones m\u00e1s fuertes en la industria del turismo. Las posibilidades de networking ser\u00e1n abundantes y se espera que algunos de los conceptos m\u00e1s innovadores surjan de las conversaciones informales que se desarrollen entre los asistentes.<\/p>\n<p>Por si fuera poco, la agenda tambi\u00e9n incluir\u00e1 momentos de esparcimiento, donde los participantes podr\u00e1n disfrutar de la gastronom\u00eda local y de las maravillas arquitect\u00f3nicas que ofrece esta emblem\u00e1tica ciudad. Barcelona no solo es un punto de encuentro, sino tambi\u00e9n un laboratorio viviente donde las ideas y las tradiciones coexisten en armon\u00eda.<\/p>\n<p>En definitiva, este evento marca el inicio de una nueva era en la que la movilidad y el turismo se entrelazan de maneras novedosas. Aquellos que est\u00e9n dispuestos a explorar lo desconocido y a abrirse a cambios audaces encontrar\u00e1n en Barcelona un lugar lleno de oportunidades. Los asistentes no solo ir\u00e1n a aprender, sino tambi\u00e9n a inspirarse, a conectar y a formar parte del futuro del turismo. Una cita que, sin duda, dejar\u00e1 huella en la manera en que viajamos.<\/p>\n<p><em> &#8221; Sources nexotur.com &#8221; <\/em><\/p>\n","protected":false},"excerpt":{"rendered":"<p>Barcelona se Prepara para un Encuentro Innovador en el Sector del Turismo Este jueves, la vibrante ciudad de Barcelona se convertir\u00e1 en el epicentro de la movilidad tur\u00edstica con el inicio de un evento que promete redefinir la forma en que entendemos y vivimos la experiencia de viajar. El Eurostars Grand Marina ser\u00e1 el escenario [&hellip;]<\/p>\n","protected":false},"author":4,"featured_media":1135729,"comment_status":"open","ping_status":"closed","sticky":false,"template":"","format":"standard","meta":{"om_disable_all_campaigns":false,"jnews-multi-image_gallery":[],"jnews_single_post":[],"jnews_primary_category":[],"jnews_social_meta":[],"footnotes":""},"categories":[40],"tags":[55723,2917,61090,16929,70213,274450,17943,5492,19550,1947,5689,685],"class_list":["post-1135728","post","type-post","status-publish","format-standard","has-post-thumbnail","hentry","category-industria","tag-55723","tag-barcelona","tag-conference","tag-eurostars","tag-event","tag-grand-marina","tag-hub","tag-innovation","tag-mobility","tag-technology","tag-transport","tag-travel"],"_links":{"self":[{"href":"https:\/\/dimensionturistica.com\/es\/wp-json\/wp\/v2\/posts\/1135728","targetHints":{"allow":["GET"]}}],"collection":[{"href":"https:\/\/dimensionturistica.com\/es\/wp-json\/wp\/v2\/posts"}],"about":[{"href":"https:\/\/dimensionturistica.com\/es\/wp-json\/wp\/v2\/types\/post"}],"author":[{"embeddable":true,"href":"https:\/\/dimensionturistica.com\/es\/wp-json\/wp\/v2\/users\/4"}],"replies":[{"embeddable":true,"href":"https:\/\/dimensionturistica.com\/es\/wp-json\/wp\/v2\/comments?post=1135728"}],"version-history":[{"count":1,"href":"https:\/\/dimensionturistica.com\/es\/wp-json\/wp\/v2\/posts\/1135728\/revisions"}],"predecessor-version":[{"id":1135730,"href":"https:\/\/dimensionturistica.com\/es\/wp-json\/wp\/v2\/posts\/1135728\/revisions\/1135730"}],"wp:featuredmedia":[{"embeddable":true,"href":"https:\/\/dimensionturistica.com\/es\/wp-json\/wp\/v2\/media\/1135729"}],"wp:attachment":[{"href":"https:\/\/dimensionturistica.com\/es\/wp-json\/wp\/v2\/media?parent=1135728"}],"wp:term":[{"taxonomy":"category","embeddable":true,"href":"https:\/\/dimensionturistica.com\/es\/wp-json\/wp\/v2\/categories?post=1135728"},{"taxonomy":"post_tag","embeddable":true,"href":"https:\/\/dimensionturistica.com\/es\/wp-json\/wp\/v2\/tags?post=1135728"}],"curies":[{"name":"wp","href":"https:\/\/api.w.org\/{rel}","templated":true}]}}