{"id":1135722,"date":"2026-04-09T03:19:49","date_gmt":"2026-04-09T03:19:49","guid":{"rendered":"https:\/\/dimensionturistica.com\/es\/?p=1135722"},"modified":"2026-04-09T03:19:49","modified_gmt":"2026-04-09T03:19:49","slug":"regalo-de-aventuras-en-la-playa-para-ninos-que-nunca-han-visto-el-mar","status":"publish","type":"post","link":"https:\/\/dimensionturistica.com\/es\/regalo-de-aventuras-en-la-playa-para-ninos-que-nunca-han-visto-el-mar\/","title":{"rendered":"Regalo de aventuras en la playa para ni\u00f1os que nunca han visto el mar."},"content":{"rendered":"<p><strong>Descubriendo el Mar: Una Oportunidad para Ni\u00f1os que Nunca Han Visitado la Playa<\/strong><\/p>\n<p>El contacto con el mar es una experiencia m\u00e1gica que muchos de nosotros atesoramos desde la infancia, un momento donde la arena se convierte en nuestro escenario y las olas, en nuestras c\u00f3mplices de aventura. Sin embargo, hay ni\u00f1os que nunca han tenido la oportunidad de disfrutar de esta maravilla natural. Para ellos, el mar es un concepto lejano, una imagen en la pantalla de un televisor o un sue\u00f1o que parece inaccesible.<\/p>\n<p>Afrontando esta realidad, la Asociaci\u00f3n de Turismo y Medio Ambiente (ATEM) ha lanzado una iniciativa noble y emocionante: ofrecer viajes a la playa para ni\u00f1os de comunidades que no han tenido la oportunidad de conocer el oc\u00e9ano. Este programa no solo busca brindar un d\u00eda de diversi\u00f3n bajo el sol, sino tambi\u00e9n abrir la puerta a un mundo de posibilidades y experiencias que enriquecer\u00e1n su desarrollo y comprensi\u00f3n del medio ambiente.<\/p>\n<p>La propuesta es sencilla pero impactante. A trav\u00e9s de un concurso, se invita a escuelas y comunidades a participar en este programa donde el requisito principal es que los ni\u00f1os nunca hayan visto el mar. La selecci\u00f3n se realizar\u00e1 mediante un sistema justo y equitativo, asegurando que aquellos que m\u00e1s lo necesiten sean los que experimenten esta traves\u00eda.<\/p>\n<p>Imaginemos por un momento a un grupo de ni\u00f1os, sus ojos ilumin\u00e1ndose al ver el horizonte azul del oc\u00e9ano por primera vez. La risa contagiosa mientras corren por la playa, construyendo castillos de arena y sintiendo el frescor de las olas romper suavemente a sus pies. Estas experiencias son fundamentales, no solo para su bienestar emocional, sino tambi\u00e9n para cultivar en ellos un sentido de responsabilidad hacia el entorno natural.<\/p>\n<p>Atem, con esta noble causa, busca no solo llevar alegr\u00eda a estos peque\u00f1os, sino tambi\u00e9n sembrar la semilla de la conciencia ambiental. Promover el respeto y la protecci\u00f3n de nuestro oc\u00e9ano es un paso esencial para el futuro de nuestro planeta, y qu\u00e9 mejor manera de hacerlo que a trav\u00e9s de los ojos de la infancia.<\/p>\n<p>Adem\u00e1s, esta experiencia puede servir como un puente para incentivar el turismo responsable. Al involucrar a las comunidades locales en el proyecto, se fomenta el desarrollo econ\u00f3mico y sostenible, mostrando a los ni\u00f1os y sus familias el valor de la naturaleza y la importancia de preservarla.<\/p>\n<p>El amor por la playa y el mar puede ser contagioso, y estos peque\u00f1os embajadores del oc\u00e9ano tendr\u00e1n la oportunidad de convertirse en defensores de la naturaleza, llevando consigo recuerdos imborrables que enriquecer\u00e1n su vida y la de quienes los rodean.<\/p>\n<p>Esta valiosa iniciativa no solo representa un regalo tangible, como un d\u00eda en la playa, sino tambi\u00e9n un legado para las futuras generaciones. En un mundo donde el acceso a la naturaleza es cada vez m\u00e1s limitado para algunos, proyectos como el de ATEM iluminan el camino hacia un futuro m\u00e1s inclusivo y consciente.<\/p>\n<p>Visitar la playa es una experiencia que trasciende m\u00e1s all\u00e1 del simple ocio; es una conexi\u00f3n profunda con nuestro planeta. La posibilidad de que estos ni\u00f1os descubran la belleza y la majestuosidad del mar es un recordatorio para todos nosotros de lo que est\u00e1 en juego: la herencia de nuestro entorno natural y la necesidad de protegerlo para las generaciones venideras.<\/p>\n<p><em> &#8221; Fuentes diarioabcdemichoacan.com.mx &#8221; <\/em><\/p>\n","protected":false},"excerpt":{"rendered":"<p>Descubriendo el Mar: Una Oportunidad para Ni\u00f1os que Nunca Han Visitado la Playa El contacto con el mar es una experiencia m\u00e1gica que muchos de nosotros atesoramos desde la infancia, un momento donde la arena se convierte en nuestro escenario y las olas, en nuestras c\u00f3mplices de aventura. Sin embargo, hay ni\u00f1os que nunca han [&hellip;]<\/p>\n","protected":false},"author":4,"featured_media":1135723,"comment_status":"open","ping_status":"closed","sticky":false,"template":"","format":"standard","meta":{"om_disable_all_campaigns":false,"jnews-multi-image_gallery":[],"jnews_single_post":[],"jnews_primary_category":[],"jnews_social_meta":[],"footnotes":""},"categories":[39],"tags":[274449,13687,3647,4285,2299,5692,2925,6735,9557,545],"class_list":["post-1135722","post","type-post","status-publish","format-standard","has-post-thumbnail","hentry","category-viajes","tag-atem","tag-aventura","tag-experiencia","tag-familia","tag-mar","tag-ninos","tag-ocio","tag-playa","tag-regalos","tag-viajes"],"_links":{"self":[{"href":"https:\/\/dimensionturistica.com\/es\/wp-json\/wp\/v2\/posts\/1135722","targetHints":{"allow":["GET"]}}],"collection":[{"href":"https:\/\/dimensionturistica.com\/es\/wp-json\/wp\/v2\/posts"}],"about":[{"href":"https:\/\/dimensionturistica.com\/es\/wp-json\/wp\/v2\/types\/post"}],"author":[{"embeddable":true,"href":"https:\/\/dimensionturistica.com\/es\/wp-json\/wp\/v2\/users\/4"}],"replies":[{"embeddable":true,"href":"https:\/\/dimensionturistica.com\/es\/wp-json\/wp\/v2\/comments?post=1135722"}],"version-history":[{"count":1,"href":"https:\/\/dimensionturistica.com\/es\/wp-json\/wp\/v2\/posts\/1135722\/revisions"}],"predecessor-version":[{"id":1135724,"href":"https:\/\/dimensionturistica.com\/es\/wp-json\/wp\/v2\/posts\/1135722\/revisions\/1135724"}],"wp:featuredmedia":[{"embeddable":true,"href":"https:\/\/dimensionturistica.com\/es\/wp-json\/wp\/v2\/media\/1135723"}],"wp:attachment":[{"href":"https:\/\/dimensionturistica.com\/es\/wp-json\/wp\/v2\/media?parent=1135722"}],"wp:term":[{"taxonomy":"category","embeddable":true,"href":"https:\/\/dimensionturistica.com\/es\/wp-json\/wp\/v2\/categories?post=1135722"},{"taxonomy":"post_tag","embeddable":true,"href":"https:\/\/dimensionturistica.com\/es\/wp-json\/wp\/v2\/tags?post=1135722"}],"curies":[{"name":"wp","href":"https:\/\/api.w.org\/{rel}","templated":true}]}}