{"id":1135711,"date":"2026-04-09T02:55:45","date_gmt":"2026-04-09T02:55:45","guid":{"rendered":"https:\/\/dimensionturistica.com\/es\/?p=1135711"},"modified":"2026-04-09T02:55:45","modified_gmt":"2026-04-09T02:55:45","slug":"valencia-consolida-su-posicion-como-centro-de-convergencia-para-el-turismo-profesional-con-un-exitoso-taller-sectorial","status":"publish","type":"post","link":"https:\/\/dimensionturistica.com\/es\/valencia-consolida-su-posicion-como-centro-de-convergencia-para-el-turismo-profesional-con-un-exitoso-taller-sectorial\/","title":{"rendered":"Valencia consolida su posici\u00f3n como centro de convergencia para el turismo profesional con un exitoso taller sectorial."},"content":{"rendered":"<h3>Valencia: Un Epicentro para el Turismo Profesional<\/h3>\n<p>Valencia, la joya del Mediterr\u00e1neo, se est\u00e1 posicionando firmemente como un punto de encuentro esencial para el turismo profesional en Europa. Recientemente, la ciudad ha acogido un workshop sectorial que ha reunido a m\u00e1s de 150 profesionales del sector. Este evento ha demostrado el compromiso de Valencia en fomentar sinergias y oportunidades de negocio en el \u00e1mbito del turismo.<\/p>\n<p>La organizaci\u00f3n del workshop, que tuvo lugar en un entorno inspirador, permiti\u00f3 a los asistentes conectarse y dialogar sobre tendencias actuales, retos y oportunidades que enfrenta la industria. Proveedores de servicios tur\u00edsticos, organizadores de eventos y agentes de viajes se dieron cita para intercambiar ideas y estrategias que fortalezcan el turismo en la regi\u00f3n.<\/p>\n<p>Uno de los aspectos m\u00e1s destacados del evento fue la variedad de actividades programadas, que incluyeron sesiones de networking din\u00e1micas y presentaciones de expertos en el campo del turismo. Esta interactividad no solo favoreci\u00f3 el conocimiento de las \u00faltimas tendencias, sino que tambi\u00e9n impuls\u00f3 la creaci\u00f3n de valiosas conexiones comerciales.<\/p>\n<p>Valencia, conocida tanto por su rica herencia cultural como por sus impresionantes espacios modernos, se presenta como un destino ideal para la celebraci\u00f3n de este tipo de encuentros profesionales. La ciudad cuenta con infraestructuras de primer nivel, como el Palacio de Congresos y una amplia oferta de alojamientos, que aseguran una experiencia c\u00f3moda y enriquecedora para todos los participantes.<\/p>\n<p>Adem\u00e1s, el clima mediterr\u00e1neo y la oferta gastron\u00f3mica de la regi\u00f3n a\u00f1aden un atractivo especial a cualquier visita. El famoso plato de paella, junto a una selecci\u00f3n de vinos locales, transforma las pausas del evento en momentos para disfrutar de la cultura culinaria valenciana.<\/p>\n<p>Con una agenda repleta de eventos y actividades, Valencia no solo se destaca por su capacidad organizativa, sino tambi\u00e9n por su deseo de atraer a un p\u00fablico profesional que busca diversificar y enriquecer sus experiencias. La ciudad se posiciona as\u00ed como un destino propicio para el turismo MICE (Meetings, Incentives, Conferences, and Exhibitions), promoviendo un entorno en el que se pueden cultivar relaciones comerciales duraderas.<\/p>\n<p>Este workshop no es una instancia aislada, sino parte de un esfuerzo continuo por parte de Valencia para consolidarse como un referente en el sector. La ciudad ha demostrado su dedicaci\u00f3n al turismo profesional, lo que se traduce en un flujo constante de eventos que atraen a visitantes de todo el mundo.<\/p>\n<p>En definitiva, si buscas un destino que combine belleza, cultura, y oportunidades de negocio en el \u00e1mbito tur\u00edstico, Valencia es una opci\u00f3n invaluable. Con un futuro prometedor en el sector, esta ciudad vibrante tiene mucho que ofrecer no solo a los turistas, sino tambi\u00e9n a los profesionales del turismo que desean explorar nuevas posibilidades y conexiones en un entorno estimulante. Valencia te espera para que descubras todo lo que puede ofrecerte, tanto en el terreno profesional como en el placer de sus paisajes, sabores y gente.<\/p>\n<p><em> &#8221; Sources gacetadelturismo.com &#8221; <\/em><\/p>\n","protected":false},"excerpt":{"rendered":"<p>Valencia: Un Epicentro para el Turismo Profesional Valencia, la joya del Mediterr\u00e1neo, se est\u00e1 posicionando firmemente como un punto de encuentro esencial para el turismo profesional en Europa. Recientemente, la ciudad ha acogido un workshop sectorial que ha reunido a m\u00e1s de 150 profesionales del sector. Este evento ha demostrado el compromiso de Valencia en [&hellip;]<\/p>\n","protected":false},"author":4,"featured_media":1135712,"comment_status":"open","ping_status":"closed","sticky":false,"template":"","format":"standard","meta":{"om_disable_all_campaigns":false,"jnews-multi-image_gallery":[],"jnews_single_post":[],"jnews_primary_category":[],"jnews_social_meta":[],"footnotes":""},"categories":[40],"tags":[3402,724,16195,1296,82288,1103,14854,544,2769,17006],"class_list":["post-1135711","post","type-post","status-publish","format-standard","has-post-thumbnail","hentry","category-industria","tag-encuentro","tag-eventos","tag-exito","tag-industria-turistica","tag-networking","tag-profesional","tag-sectorial","tag-turismo","tag-valencia","tag-workshop"],"_links":{"self":[{"href":"https:\/\/dimensionturistica.com\/es\/wp-json\/wp\/v2\/posts\/1135711","targetHints":{"allow":["GET"]}}],"collection":[{"href":"https:\/\/dimensionturistica.com\/es\/wp-json\/wp\/v2\/posts"}],"about":[{"href":"https:\/\/dimensionturistica.com\/es\/wp-json\/wp\/v2\/types\/post"}],"author":[{"embeddable":true,"href":"https:\/\/dimensionturistica.com\/es\/wp-json\/wp\/v2\/users\/4"}],"replies":[{"embeddable":true,"href":"https:\/\/dimensionturistica.com\/es\/wp-json\/wp\/v2\/comments?post=1135711"}],"version-history":[{"count":1,"href":"https:\/\/dimensionturistica.com\/es\/wp-json\/wp\/v2\/posts\/1135711\/revisions"}],"predecessor-version":[{"id":1135713,"href":"https:\/\/dimensionturistica.com\/es\/wp-json\/wp\/v2\/posts\/1135711\/revisions\/1135713"}],"wp:featuredmedia":[{"embeddable":true,"href":"https:\/\/dimensionturistica.com\/es\/wp-json\/wp\/v2\/media\/1135712"}],"wp:attachment":[{"href":"https:\/\/dimensionturistica.com\/es\/wp-json\/wp\/v2\/media?parent=1135711"}],"wp:term":[{"taxonomy":"category","embeddable":true,"href":"https:\/\/dimensionturistica.com\/es\/wp-json\/wp\/v2\/categories?post=1135711"},{"taxonomy":"post_tag","embeddable":true,"href":"https:\/\/dimensionturistica.com\/es\/wp-json\/wp\/v2\/tags?post=1135711"}],"curies":[{"name":"wp","href":"https:\/\/api.w.org\/{rel}","templated":true}]}}