{"id":1135572,"date":"2026-04-08T22:16:50","date_gmt":"2026-04-08T22:16:50","guid":{"rendered":"https:\/\/dimensionturistica.com\/es\/?p=1135572"},"modified":"2026-04-08T22:16:50","modified_gmt":"2026-04-08T22:16:50","slug":"la-semana-santa-de-lucena-potencia-su-influencia-en-el-sector-turistico-y-su-visibilidad-internacional","status":"publish","type":"post","link":"https:\/\/dimensionturistica.com\/es\/la-semana-santa-de-lucena-potencia-su-influencia-en-el-sector-turistico-y-su-visibilidad-internacional\/","title":{"rendered":"La Semana Santa de Lucena potencia su influencia en el sector tur\u00edstico y su visibilidad internacional."},"content":{"rendered":"<h3>La Semana Santa en Lucena: Un Viaje Cultural y Tur\u00edstico Imperdible<\/h3>\n<p>La Semana Santa es una de las tradiciones m\u00e1s arraigadas en la cultura espa\u00f1ola, y Lucena, un encantador municipio en la provincia de C\u00f3rdoba, brilla con luz propia durante esta celebraci\u00f3n. Este evento no solo es una expresi\u00f3n de fervor religioso, sino que tambi\u00e9n se ha convertido en un pilar fundamental para la industria tur\u00edstica local, atrayendo visitantes de todos los rincones del pa\u00eds y m\u00e1s all\u00e1.<\/p>\n<h4>Un Patrimonio que Conquista<\/h4>\n<p>Los desfiles procesionales de la Semana Santa lucentina son verdaderas obras de arte en movimiento. Cada paso, cada imagen, est\u00e1 cuidadosamente elaborado y adornado, reflejando la rica historia y devoci\u00f3n de sus habitantes. Las calles de Lucena se transforman en un escenario que narra historias de fe a trav\u00e9s de la m\u00fasica, los trajes y la pasi\u00f3n con la que los hermanos y cofrades participan en cada acto.<\/p>\n<p>La riqueza del patrimonio cultural de Lucena no se limita solo a la belleza visual de las procesiones. Muelles, plazas y rincones hist\u00f3ricos se llenan de vida, ofreciendo a los turistas una experiencia multisensorial. Los aromas de la gastronom\u00eda local, como el famoso salmorejo o los dulces t\u00edpicos, se entrelazan con el sonido de las saetas y las bandas de m\u00fasica, creando una atm\u00f3sfera \u00fanica que invita a la reflexi\u00f3n, la celebraci\u00f3n y el disfrute.<\/p>\n<h4>Impacto en la Industria Tur\u00edstica<\/h4>\n<p>El incremento del n\u00famero de visitantes durante la Semana Santa ha propiciado un efecto positivo en la econom\u00eda local. Hoteles, restaurantes y comercios ven un aumento en la demanda, lo que impulsa no solo la creaci\u00f3n de empleo, sino tambi\u00e9n el desarrollo de nuevos servicios y propuestas tur\u00edsticas.<\/p>\n<p>Lucena ha sabido adaptarse a las necesidades del turismo contempor\u00e1neo, y la Semana Santa se presenta como una oportunidad para innovar y diversificar la oferta tur\u00edstica. Desde rutas guiadas que cuentan la historia detr\u00e1s de las cofrad\u00edas, hasta talleres de gastronom\u00eda que permiten a los visitantes sumergirse en la cultura local, cada a\u00f1o se suman actividades que enriquecen la experiencia del viajero.<\/p>\n<h4>Proyecci\u00f3n Internacional<\/h4>\n<p>Los esfuerzos de promoci\u00f3n por parte del municipio han comenzado a dar frutos, con un creciente inter\u00e9s en el turismo religioso que est\u00e1 llevando la Semana Santa de Lucena m\u00e1s all\u00e1 de las fronteras nacionales. Mediante ferias y eventos de promoci\u00f3n, Lucena se posiciona como un destino atractivo no solo para los espa\u00f1oles, sino tambi\u00e9n para turistas internacionales que buscan vivir experiencias aut\u00e9nticas en un entorno cultural rico.<\/p>\n<h4>Una Invitaci\u00f3n a Vivir la Experiencia<\/h4>\n<p>Si buscas un destino que combine tradici\u00f3n, cultura y una calidez humana inigualable, Lucena durante la Semana Santa es una opci\u00f3n que no te puedes perder. La hospitalidad de sus habitantes, junto con un calendario lleno de actividades, hacen de esta celebraci\u00f3n una experiencia transformadora. Es un momento perfecto para disfrutar de la belleza de sus paisajes, explorar su patrimonio arquitect\u00f3nico y sumergirse en la rica gastronom\u00eda local.<\/p>\n<p>Te invitamos a que hagas de Lucena tu pr\u00f3xima parada en tu recorrido tur\u00edstico por Espa\u00f1a. La Semana Santa te ofrece una inmersi\u00f3n en la cultura y la historia que quedar\u00e1 grabada en tu memoria, convirti\u00e9ndose en un cap\u00edtulo inolvidable de tus viajes. Ven y descubre la magia de Lucena, donde la fe, el arte y la tradici\u00f3n se dan la mano en una celebraci\u00f3n que revitaliza el alma.<\/p>\n<p><em> &#8221; Sources lucenanoticiasvtv.com &#8221; <\/em><\/p>\n","protected":false},"excerpt":{"rendered":"<p>La Semana Santa en Lucena: Un Viaje Cultural y Tur\u00edstico Imperdible La Semana Santa es una de las tradiciones m\u00e1s arraigadas en la cultura espa\u00f1ola, y Lucena, un encantador municipio en la provincia de C\u00f3rdoba, brilla con luz propia durante esta celebraci\u00f3n. Este evento no solo es una expresi\u00f3n de fervor religioso, sino que tambi\u00e9n [&hellip;]<\/p>\n","protected":false},"author":4,"featured_media":1135573,"comment_status":"open","ping_status":"closed","sticky":false,"template":"","format":"standard","meta":{"om_disable_all_campaigns":false,"jnews-multi-image_gallery":[],"jnews_single_post":[],"jnews_primary_category":[],"jnews_social_meta":[],"footnotes":""},"categories":[40],"tags":[662,724,6105,738,1296,11714,274419,2946,3250,544],"class_list":["post-1135572","post","type-post","status-publish","format-standard","has-post-thumbnail","hentry","category-industria","tag-cultura","tag-eventos","tag-festividades","tag-impacto","tag-industria-turistica","tag-lucena","tag-proyeccion-exterior","tag-semana-santa","tag-tradiciones","tag-turismo"],"_links":{"self":[{"href":"https:\/\/dimensionturistica.com\/es\/wp-json\/wp\/v2\/posts\/1135572","targetHints":{"allow":["GET"]}}],"collection":[{"href":"https:\/\/dimensionturistica.com\/es\/wp-json\/wp\/v2\/posts"}],"about":[{"href":"https:\/\/dimensionturistica.com\/es\/wp-json\/wp\/v2\/types\/post"}],"author":[{"embeddable":true,"href":"https:\/\/dimensionturistica.com\/es\/wp-json\/wp\/v2\/users\/4"}],"replies":[{"embeddable":true,"href":"https:\/\/dimensionturistica.com\/es\/wp-json\/wp\/v2\/comments?post=1135572"}],"version-history":[{"count":1,"href":"https:\/\/dimensionturistica.com\/es\/wp-json\/wp\/v2\/posts\/1135572\/revisions"}],"predecessor-version":[{"id":1135574,"href":"https:\/\/dimensionturistica.com\/es\/wp-json\/wp\/v2\/posts\/1135572\/revisions\/1135574"}],"wp:featuredmedia":[{"embeddable":true,"href":"https:\/\/dimensionturistica.com\/es\/wp-json\/wp\/v2\/media\/1135573"}],"wp:attachment":[{"href":"https:\/\/dimensionturistica.com\/es\/wp-json\/wp\/v2\/media?parent=1135572"}],"wp:term":[{"taxonomy":"category","embeddable":true,"href":"https:\/\/dimensionturistica.com\/es\/wp-json\/wp\/v2\/categories?post=1135572"},{"taxonomy":"post_tag","embeddable":true,"href":"https:\/\/dimensionturistica.com\/es\/wp-json\/wp\/v2\/tags?post=1135572"}],"curies":[{"name":"wp","href":"https:\/\/api.w.org\/{rel}","templated":true}]}}