{"id":1135516,"date":"2026-04-06T11:56:46","date_gmt":"2026-04-06T11:56:46","guid":{"rendered":"https:\/\/dimensionturistica.com\/es\/?p=1135516"},"modified":"2026-04-06T11:56:46","modified_gmt":"2026-04-06T11:56:46","slug":"evaluacion-de-los-viajes-empresariales-como-una-inversion-estrategica","status":"publish","type":"post","link":"https:\/\/dimensionturistica.com\/es\/evaluacion-de-los-viajes-empresariales-como-una-inversion-estrategica\/","title":{"rendered":"Evaluaci\u00f3n de los Viajes Empresariales como una Inversi\u00f3n Estrat\u00e9gica"},"content":{"rendered":"<h3>La Evoluci\u00f3n de los Viajes Corporativos: Una Perspectiva Estrat\u00e9gica<\/h3>\n<p>En un mundo cada vez m\u00e1s interconectado, los viajes corporativos han dejado de ser simples desplazamientos para convertirse en una inversi\u00f3n estrat\u00e9gica fundamental para el crecimiento empresarial. Seg\u00fan un an\u00e1lisis reciente, las empresas est\u00e1n repensando su enfoque hacia los viajes de negocio, adapt\u00e1ndose a las nuevas din\u00e1micas laborales y a las expectativas cambiantes de los trabajadores.<\/p>\n<h4>Un Cambio de Paradigma<\/h4>\n<p>La pandemia de COVID-19 actu\u00f3 como un acelerador de transformaciones en m\u00faltiples sectores, y los viajes de negocio no fueron la excepci\u00f3n. Las empresas han aprendido la importancia de la flexibilidad y la capacidad de adaptaci\u00f3n, priorizando experiencias que no solo sean eficientes en costo, sino que tambi\u00e9n fomenten el bienestar de sus empleados. Este nuevo enfoque no se limita a la reducci\u00f3n de gastos, sino que busca maximizar la efectividad de cada viaje, asegurando que cada desplazamiento cumpla un objetivo claro y medible.<\/p>\n<h4>La Importancia de la Personalizaci\u00f3n<\/h4>\n<p>Hoy en d\u00eda, la personalizaci\u00f3n es clave. Las empresas est\u00e1n invirtiendo en tecnolog\u00eda que les permite ofrecer opciones a medida, adaptando itinerarios a las preferencias y necesidades individuales de sus empleados. Desde la selecci\u00f3n de alojamiento hasta las opciones de transporte, cada aspecto se est\u00e1 optimizando para mejorar la satisfacci\u00f3n y la productividad del viajero de negocio.<\/p>\n<h4>Herramientas que Transforman la Experiencia<\/h4>\n<p>La incorporaci\u00f3n de herramientas digitales tambi\u00e9n ha revolucionado la planificaci\u00f3n de viajes corporativos. Plataformas que integran la gesti\u00f3n de reservas, el seguimiento de gastos y la comunicaci\u00f3n se han vuelto imprescindibles. Estas soluciones no solo simplifican procesos, sino que tambi\u00e9n proporcionan datos valiosos que pueden influir en futuras decisiones empresariales.<\/p>\n<h4>La Sostenibilidad en el Radar<\/h4>\n<p>Otro aspecto que cobra cada vez m\u00e1s relevancia es la sostenibilidad. Las empresas est\u00e1n comprometidas con la reducci\u00f3n de su huella de carbono y est\u00e1n buscando alternativas m\u00e1s ecol\u00f3gicas en sus viajes. Esto no solo se trata de hacerlo por responsabilidad social, sino tambi\u00e9n por las expectativas de una fuerza laboral que valora la sostenibilidad como una prioridad.<\/p>\n<h4>Fomentando la Colaboraci\u00f3n y el Networking<\/h4>\n<p>Los viajes corporativos son una oportunidad para construir relaciones y fomentar el networking. Las empresas est\u00e1n reconociendo que un viaje de negocio puede ser el escenario ideal para fortalecer lazos con clientes y socios estrat\u00e9gicos. As\u00ed, se hace esencial crear espacios donde la interacci\u00f3n sea posible y significativa.<\/p>\n<h4>Conclusi\u00f3n<\/h4>\n<p>Los viajes corporativos est\u00e1n en un momento de reinvenci\u00f3n. Las empresas que adopten una visi\u00f3n estrat\u00e9gica sobre estos desplazamientos no solo optimizar\u00e1n costos, sino que tambi\u00e9n potenciar\u00e1n el desarrollo de sus equipos y contribuir\u00e1n al crecimiento sostenible de su organizaci\u00f3n. La clave es combinar tecnolog\u00eda, personalizaci\u00f3n y responsabilidad social para transformar lo que alguna vez fue un simple traslado en una experiencia enriquecedora que beneficie tanto a los empleados como a la empresa. Sin duda, un desaf\u00edo apasionante en el horizonte del turismo de negocios.<\/p>\n<p><em> &#8221; Fuentes www.notimerica.com &#8221; <\/em><\/p>\n","protected":false},"excerpt":{"rendered":"<p>La Evoluci\u00f3n de los Viajes Corporativos: Una Perspectiva Estrat\u00e9gica En un mundo cada vez m\u00e1s interconectado, los viajes corporativos han dejado de ser simples desplazamientos para convertirse en una inversi\u00f3n estrat\u00e9gica fundamental para el crecimiento empresarial. Seg\u00fan un an\u00e1lisis reciente, las empresas est\u00e1n repensando su enfoque hacia los viajes de negocio, adapt\u00e1ndose a las nuevas [&hellip;]<\/p>\n","protected":false},"author":4,"featured_media":1135517,"comment_status":"open","ping_status":"closed","sticky":false,"template":"","format":"standard","meta":{"om_disable_all_campaigns":false,"jnews-multi-image_gallery":[],"jnews_single_post":[],"jnews_primary_category":[],"jnews_social_meta":[],"footnotes":""},"categories":[39],"tags":[174068,7172,171908,24198,274400,183844,2078,925],"class_list":["post-1135516","post","type-post","status-publish","format-standard","has-post-thumbnail","hentry","category-viajes","tag-analisis-de-mercado","tag-consultoria","tag-estrategia-empresarial","tag-gestion-de-viajes","tag-inversion-estrategica","tag-optimizacion-de-recursos","tag-viajes-corporativos","tag-viajes-de-negocios"],"_links":{"self":[{"href":"https:\/\/dimensionturistica.com\/es\/wp-json\/wp\/v2\/posts\/1135516","targetHints":{"allow":["GET"]}}],"collection":[{"href":"https:\/\/dimensionturistica.com\/es\/wp-json\/wp\/v2\/posts"}],"about":[{"href":"https:\/\/dimensionturistica.com\/es\/wp-json\/wp\/v2\/types\/post"}],"author":[{"embeddable":true,"href":"https:\/\/dimensionturistica.com\/es\/wp-json\/wp\/v2\/users\/4"}],"replies":[{"embeddable":true,"href":"https:\/\/dimensionturistica.com\/es\/wp-json\/wp\/v2\/comments?post=1135516"}],"version-history":[{"count":1,"href":"https:\/\/dimensionturistica.com\/es\/wp-json\/wp\/v2\/posts\/1135516\/revisions"}],"predecessor-version":[{"id":1135518,"href":"https:\/\/dimensionturistica.com\/es\/wp-json\/wp\/v2\/posts\/1135516\/revisions\/1135518"}],"wp:featuredmedia":[{"embeddable":true,"href":"https:\/\/dimensionturistica.com\/es\/wp-json\/wp\/v2\/media\/1135517"}],"wp:attachment":[{"href":"https:\/\/dimensionturistica.com\/es\/wp-json\/wp\/v2\/media?parent=1135516"}],"wp:term":[{"taxonomy":"category","embeddable":true,"href":"https:\/\/dimensionturistica.com\/es\/wp-json\/wp\/v2\/categories?post=1135516"},{"taxonomy":"post_tag","embeddable":true,"href":"https:\/\/dimensionturistica.com\/es\/wp-json\/wp\/v2\/tags?post=1135516"}],"curies":[{"name":"wp","href":"https:\/\/api.w.org\/{rel}","templated":true}]}}