{"id":1135457,"date":"2026-04-06T07:12:12","date_gmt":"2026-04-06T07:12:12","guid":{"rendered":"https:\/\/dimensionturistica.com\/es\/?p=1135457"},"modified":"2026-04-06T07:12:12","modified_gmt":"2026-04-06T07:12:12","slug":"la-universidad-se-alista-para-el-gran-conflicto-universal","status":"publish","type":"post","link":"https:\/\/dimensionturistica.com\/es\/la-universidad-se-alista-para-el-gran-conflicto-universal\/","title":{"rendered":"La Universidad se alista para el Gran Conflicto Universal"},"content":{"rendered":"<h3>La Historia que Marca el Destino de un Pa\u00eds: Un Viaje a la Memoria en el Coraz\u00f3n de Europa<\/h3>\n<p>Un viaje a trav\u00e9s de Europa es, sin duda, una experiencia enriquecedora. Sin embargo, hay lugares que llevan consigo la carga de la historia y que, al ser visitados, evocan emociones profundas y reflexiones sobre el pasado. Uno de estos lugares es la insigne ciudad de Praga, donde la historia de la &#8220;madre de todas las guerras&#8221; cobra vida.<\/p>\n<h4>Praga: Un Mes de Reflexiones y Preparativos<\/h4>\n<p>En la capital checa, los ecos de una historia compleja resuenan por sus calles empedradas. Imagina caminar bajo la sombra de un pasado que molde\u00f3 no solo a una naci\u00f3n, sino a toda Europa. Entre sus impresionantes castillos y plazas hist\u00f3ricas, se encuentra un ambiente enigm\u00e1tico, que invita a los viajeros a explorar m\u00e1s all\u00e1 de lo superficial.<\/p>\n<p>Durante el mes de febrero, diversas actividades se concentran en la ciudad, conmemorar eventos que marcaron el rumbo de la historia. Desde exposiciones hasta charlas, los ciudadanos se re\u00fanen para reflexionar sobre el legado de la guerra, recordando tanto las tragedias como las lecciones aprendidas. Esta es una oportunidad invaluable para los turistas que buscan profundizar en la cultura local y entender el esp\u00edritu resiliente del pueblo checo.<\/p>\n<h4>Mitos y Realidades de la Guerra<\/h4>\n<p>El relato de la guerra en Europa est\u00e1 rodeado de mitos y narrativas que pueden distorsionar la percepci\u00f3n del visitante. En Praga, se pone en evidencia la importancia de entender el contexto hist\u00f3rico de cada conflicto. Las visitas guiadas ofrecen un enfoque \u00fanico, guiando a los turistas a trav\u00e9s de monumentos que cuentan historias inolvidables. Aqu\u00ed, cada piedra tiene una voz y cada calle, un secreto.<\/p>\n<p>Las charlas de expertos en historia invitan a los curiosos a cuestionar lo que creen saber. Ante la posibilidad de una lucha inminente, los ciudadanos reflexionan sobre los da\u00f1os colaterales que una guerra puede acarrear, no solo en t\u00e9rminos f\u00edsicos sino tambi\u00e9n en el \u00e1mbito emocional. Este ambiente de di\u00e1logo abierto es lo que convierte a Praga en un destino tur\u00edstico ideal para quienes buscan no solo conocer, sino tambi\u00e9n entender.<\/p>\n<h4>Conexiones Emocionales y Efecto en la Actualidad<\/h4>\n<p>La conexi\u00f3n entre pasado y presente es palpable en Praga. Los turistas que visitan la ciudad no solo se maravillan con su arquitectura g\u00f3tica y renacentista, sino que tambi\u00e9n sienten el peso de los acontecimientos que han forjado la identidad checa. La gastronom\u00eda, la m\u00fasica y el arte son reflejos de una cultura que ha sobrevivido ante la adversidad.<\/p>\n<p>Participar en las festividades locales permite a los viajeros sumergirse en el contexto hist\u00f3rico y cultural de la regi\u00f3n. Desde ferias hasta eventos art\u00edsticos, estas celebraciones son una celebraci\u00f3n de la resistencia y la paz, recordando la importancia de aprender del pasado para construir un futuro m\u00e1s prometedor.<\/p>\n<h3>Un Destino Imperdible para los Buscadores de Verdades<\/h3>\n<p>Praga, con su rica historia y su enfoque contempor\u00e1neo a los desaf\u00edos del pasado, se convierte en un destino imprescindible para aquellos que desean no solo viajar, sino tambi\u00e9n reflexionar. La ciudad nos recuerda que la historia, lejos de ser un mero relato de batallas y victorias, es un tejido de experiencias humanas que nos conecta a todos.<\/p>\n<p>Entonces, si est\u00e1s planeando tu pr\u00f3ximo viaje, considera sumergirte en la historia profunda de Praga. Descubre c\u00f3mo un mes de conmemoraciones puede ofrecerte no solo un viaje a trav\u00e9s de bellas arquitecturas, sino una traves\u00eda hacia la comprensi\u00f3n y el crecimiento personal. La historia de la guerra en Europa no es solo un cap\u00edtulo oscuro; es una lecci\u00f3n vital para aprender a construir puentes en lugar de muros. Tu aventura en Praga te espera, lista para revelarte sus secretos y ense\u00f1arte lo que otros tiempos pueden ofrecer al presente.<\/p>\n<p><em> &#8221; Fuentes omareli.com &#8221; <\/em><\/p>\n","protected":false},"excerpt":{"rendered":"<p>La Historia que Marca el Destino de un Pa\u00eds: Un Viaje a la Memoria en el Coraz\u00f3n de Europa Un viaje a trav\u00e9s de Europa es, sin duda, una experiencia enriquecedora. Sin embargo, hay lugares que llevan consigo la carga de la historia y que, al ser visitados, evocan emociones profundas y reflexiones sobre el [&hellip;]<\/p>\n","protected":false},"author":4,"featured_media":1135458,"comment_status":"open","ping_status":"closed","sticky":false,"template":"","format":"standard","meta":{"om_disable_all_campaigns":false,"jnews-multi-image_gallery":[],"jnews_single_post":[],"jnews_primary_category":[],"jnews_social_meta":[],"footnotes":""},"categories":[41],"tags":[257865,51130,662,1159,3336,7057,775,274383,274384,15103,1907,11803],"class_list":["post-1135457","post","type-post","status-publish","format-standard","has-post-thumbnail","hentry","category-cruceros","tag-cerro-de-la-grilla","tag-conflictos","tag-cultura","tag-defensa","tag-educacion","tag-estrategia","tag-innovacion","tag-la-uni","tag-madre-de-todas-las-guerras","tag-preparacion","tag-sociedad","tag-universidades"],"_links":{"self":[{"href":"https:\/\/dimensionturistica.com\/es\/wp-json\/wp\/v2\/posts\/1135457","targetHints":{"allow":["GET"]}}],"collection":[{"href":"https:\/\/dimensionturistica.com\/es\/wp-json\/wp\/v2\/posts"}],"about":[{"href":"https:\/\/dimensionturistica.com\/es\/wp-json\/wp\/v2\/types\/post"}],"author":[{"embeddable":true,"href":"https:\/\/dimensionturistica.com\/es\/wp-json\/wp\/v2\/users\/4"}],"replies":[{"embeddable":true,"href":"https:\/\/dimensionturistica.com\/es\/wp-json\/wp\/v2\/comments?post=1135457"}],"version-history":[{"count":1,"href":"https:\/\/dimensionturistica.com\/es\/wp-json\/wp\/v2\/posts\/1135457\/revisions"}],"predecessor-version":[{"id":1135459,"href":"https:\/\/dimensionturistica.com\/es\/wp-json\/wp\/v2\/posts\/1135457\/revisions\/1135459"}],"wp:featuredmedia":[{"embeddable":true,"href":"https:\/\/dimensionturistica.com\/es\/wp-json\/wp\/v2\/media\/1135458"}],"wp:attachment":[{"href":"https:\/\/dimensionturistica.com\/es\/wp-json\/wp\/v2\/media?parent=1135457"}],"wp:term":[{"taxonomy":"category","embeddable":true,"href":"https:\/\/dimensionturistica.com\/es\/wp-json\/wp\/v2\/categories?post=1135457"},{"taxonomy":"post_tag","embeddable":true,"href":"https:\/\/dimensionturistica.com\/es\/wp-json\/wp\/v2\/tags?post=1135457"}],"curies":[{"name":"wp","href":"https:\/\/api.w.org\/{rel}","templated":true}]}}