{"id":113542,"date":"2021-04-14T22:41:25","date_gmt":"2021-04-14T22:41:25","guid":{"rendered":"https:\/\/dimensionturistica.com\/es\/?p=113542"},"modified":"2021-04-14T22:41:25","modified_gmt":"2021-04-14T22:41:25","slug":"semana-rural-la-violencia-nos-va-a-hacer-un-pueblo-sin-voz-lideres-de-nuqui-tras-asesinato-de-sus-companeros","status":"publish","type":"post","link":"https:\/\/dimensionturistica.com\/es\/semana-rural-la-violencia-nos-va-a-hacer-un-pueblo-sin-voz-lideres-de-nuqui-tras-asesinato-de-sus-companeros\/","title":{"rendered":"Semana Rural | \u201cLa violencia nos va a hacer un pueblo sin voz\u201d: l\u00edderes de Nuqu\u00ed tras asesinato de sus compa\u00f1eros"},"content":{"rendered":"<p> <br \/>\n<\/p>\n<div data-ge-content-type=\"ckeditor\">\n<p style=\"text-align: justify;\"><strong><span style=\"font-family:times new roman,times,serif\"><span style=\"font-size:20px\"><em>\u201cSe fueron dos hermanos. Donde estaba Margarito, estaba Jos\u00e9. Hoy no hay esperanza. Esto no va a cambiar si las autoridades no hacen algo\u201d<\/em><\/span><\/span><\/strong>, cube con resignaci\u00f3n un l\u00edder en Nuqu\u00ed (Choc\u00f3). Por miedo, como a tantos de los habitantes en la regi\u00f3n, le toca guardar silencio, mantenerse an\u00f3nimo. Alzar la voz, sin excepci\u00f3n, lleva a las amenazas.\u00a0<\/p>\n<p style=\"text-align: justify;\">\u00a0<\/p>\n<p style=\"text-align: justify;\">Hoy en Nuqu\u00ed reina el miedo. Este municipio, en la costa pac\u00edfica, se ha convertido con los a\u00f1os en uno de los destinos tur\u00edsticos m\u00e1s importantes de esta zona de Colombia.<strong> Pero en medio de este lugar, tan rico en recursos, cultura y aventura, la violencia ha vuelto a tomar fuerza, y con ella, Nuqu\u00ed est\u00e1 paralizado<\/strong>. Hace tan solo unos meses, la empresaria colombo-espa\u00f1ola Juana Perea fue encontrada muerta en una playa. Hoy, la historia se repite y <strong>la comunidad pierde a otros de sus l\u00edderes.<\/strong><\/p>\n<p style=\"text-align: justify;\">\u00a0<\/p>\n<p style=\"text-align: justify;\">El olor a diesel acompa\u00f1\u00f3 a Jos\u00e9 Riascos durante toda su vida. \u00c9l y su padre siempre hab\u00edan operado la planta de energ\u00eda que ilumina, por tan solo seis horas diarias, todo el corregimiento de Arus\u00ed. <strong>Pero desde el viernes, este lugar est\u00e1 en medio de la oscuridad y no precisamente por la energ\u00eda. A Jos\u00e9 y al tambi\u00e9n l\u00edder comunitario Margarito Salas, uno de sus mejores amigos, los asesinaron.<\/strong><\/p>\n<p style=\"text-align: justify;\">\u00a0<\/p>\n<\/div>\n<p><script>\n  \/\/ This is called with the results from from FB.getLoginStatus().\n  function statusChangeCallback(response) {\n    console.log('statusChangeCallback');\n    console.log(response);\n    \/\/ The response object is returned with a status field that lets the\n    \/\/ app know the current login status of the person.\n    \/\/ Full docs on the response object can be found in the documentation\n    \/\/ for FB.getLoginStatus().\n    if (response.status === 'connected') {\n      \/\/ Logged into your app and Facebook.\n      testAPI();\n    } else {\n      \/\/ The person is not logged into your app or we are unable to tell.\n    }\n  }\n  \/\/ This function is called when someone finishes with the Login\n  \/\/ Button.  See the onlogin handler attached to it in the sample\n  \/\/ code below.\n  function checkLoginState() {\n    FB.getLoginStatus(function(response) {\n      statusChangeCallback(response);\n    });\n  }\n  window.fbAsyncInit = function() {\n    FB.init({\n      appId      : '206385059870471',\n      xfbml      : true,\n      version    : 'v2.9'\n    });\n    FB.AppEvents.logPageView();\n  };\n  (function(d, s, id){\n     var js, fjs = d.getElementsByTagName(s)[0];\n     if (d.getElementById(id)) {return;}\n     js = d.createElement(s); js.id = id;\n     js.src = \"https:\/\/connect.facebook.net\/es_LA\/sdk.js\";\n     fjs.parentNode.insertBefore(js, fjs);\n   }(document, 'script', 'facebook-jssdk'));\n  function testAPI() {\n    console.log('Welcome!  Fetching your information.... ');\n   FB.api('\/me',{fields: ['name','email','picture']}, function(response) {\n\t  console.log(response);\n\t  $('#imagen_perfil').attr('src',response.picture.data.url);\n\t});\n   }\n<\/script><br \/>\n<br \/><\/p>\n<p><em> &#8221; Fuentes semanarural.com &#8221; <\/em><\/p>\n","protected":false},"excerpt":{"rendered":"<p>\u201cSe fueron dos hermanos. Donde estaba Margarito, estaba Jos\u00e9. Hoy no hay esperanza. Esto no va a cambiar si las autoridades no hacen algo\u201d, cube con resignaci\u00f3n un l\u00edder en Nuqu\u00ed (Choc\u00f3). Por miedo, como a tantos de los habitantes en la regi\u00f3n, le toca guardar silencio, mantenerse an\u00f3nimo. Alzar la voz, sin excepci\u00f3n, lleva [&hellip;]<\/p>\n","protected":false},"author":4,"featured_media":113543,"comment_status":"open","ping_status":"closed","sticky":false,"template":"","format":"standard","meta":{"om_disable_all_campaigns":false,"jnews-multi-image_gallery":[],"jnews_single_post":[],"jnews_primary_category":[],"jnews_social_meta":[],"footnotes":""},"categories":[39],"tags":[3376,2849],"class_list":["post-113542","post","type-post","status-publish","format-standard","has-post-thumbnail","hentry","category-viajes","tag-rural","tag-semana"],"_links":{"self":[{"href":"https:\/\/dimensionturistica.com\/es\/wp-json\/wp\/v2\/posts\/113542","targetHints":{"allow":["GET"]}}],"collection":[{"href":"https:\/\/dimensionturistica.com\/es\/wp-json\/wp\/v2\/posts"}],"about":[{"href":"https:\/\/dimensionturistica.com\/es\/wp-json\/wp\/v2\/types\/post"}],"author":[{"embeddable":true,"href":"https:\/\/dimensionturistica.com\/es\/wp-json\/wp\/v2\/users\/4"}],"replies":[{"embeddable":true,"href":"https:\/\/dimensionturistica.com\/es\/wp-json\/wp\/v2\/comments?post=113542"}],"version-history":[{"count":0,"href":"https:\/\/dimensionturistica.com\/es\/wp-json\/wp\/v2\/posts\/113542\/revisions"}],"wp:featuredmedia":[{"embeddable":true,"href":"https:\/\/dimensionturistica.com\/es\/wp-json\/wp\/v2\/media\/113543"}],"wp:attachment":[{"href":"https:\/\/dimensionturistica.com\/es\/wp-json\/wp\/v2\/media?parent=113542"}],"wp:term":[{"taxonomy":"category","embeddable":true,"href":"https:\/\/dimensionturistica.com\/es\/wp-json\/wp\/v2\/categories?post=113542"},{"taxonomy":"post_tag","embeddable":true,"href":"https:\/\/dimensionturistica.com\/es\/wp-json\/wp\/v2\/tags?post=113542"}],"curies":[{"name":"wp","href":"https:\/\/api.w.org\/{rel}","templated":true}]}}