{"id":1135358,"date":"2026-04-05T21:28:32","date_gmt":"2026-04-05T21:28:32","guid":{"rendered":"https:\/\/dimensionturistica.com\/es\/?p=1135358"},"modified":"2026-04-05T21:28:32","modified_gmt":"2026-04-05T21:28:32","slug":"identifican-a-30-individuos-viviendo-en-la-calle-en-el-area-de-el-crucero","status":"publish","type":"post","link":"https:\/\/dimensionturistica.com\/es\/identifican-a-30-individuos-viviendo-en-la-calle-en-el-area-de-el-crucero\/","title":{"rendered":"Identifican a 30 individuos viviendo en la calle en el \u00e1rea de El Crucero."},"content":{"rendered":"<h3>El rostro oculto del para\u00edso: reflexiones sobre las realidades sociales en Canc\u00fan<\/h3>\n<p>Canc\u00fan, el destino tur\u00edstico por excelencia del Caribe mexicano, es conocido mundialmente por sus playas de ensue\u00f1o, resorts lujosos y vibrante vida nocturna. Sin embargo, detr\u00e1s de esa fachada id\u00edlica, se ocultan realidades que muchos viajeros no ven. Recientemente, en la zona conocida como El Crucero, se detectaron a un grupo de 30 personas en situaci\u00f3n de calle. Este fen\u00f3meno nos invita a reflexionar sobre la dualidad de un lugar que vive en constante contraste entre el esplendor y la vulnerabilidad.<\/p>\n<p>En el coraz\u00f3n de esta ciudad tur\u00edstica, donde millones de visitantes buscan el descanso y la diversi\u00f3n, existe una comunidad que lucha por su supervivencia d\u00eda a d\u00eda. Las historias de estas personas a menudo quedan relegadas a un segundo plano. Cada rostro tiene una historia y cada historia merece ser escuchada. Desde la falta de oportunidades hasta problemas de salud mental y adicciones, las causas que han llevado a estos individuos a formar parte de este escenario son complejas y multifac\u00e9ticas.<\/p>\n<p>Los organismos locales han comenzado a implementar estrategias para abordar esta problem\u00e1tica. La detecci\u00f3n de personas en situaci\u00f3n de calle es el primer paso hacia su reintegraci\u00f3n y apoyo. Las autoridades han intensificado su labor de asistencia, ofreciendo recursos y servicios sociales que puedan ayudar a estos individuos a recuperar su dignidad y encontrar un nuevo rumbo. Sin embargo, se necesita un enfoque m\u00e1s integral que no solo aborde las consecuencias, sino que tambi\u00e9n trabaje en las causas.<\/p>\n<p>Al visitar Canc\u00fan, los turistas tienen la oportunidad de disfrutar de experiencias \u00fanicas, pero tambi\u00e9n es fundamental que se despierten a la realidad de aquellos que no comparten el mismo privilegio. Muchos viajeros buscan un v\u00ednculo aut\u00e9ntico con los lugares que visitan. Interactuar con la comunidad local, apoyar negocios sostenibles o participar en iniciativas que contribuyan al bienestar social son formas de hacerlo. Al final, todos somos parte del mismo ecosistema.<\/p>\n<p>Las emociones que se experimentan al recorrer las hermosas playas y admirar los paisajes paradis\u00edacos pueden ser a\u00fan m\u00e1s profundas al tener en cuenta las historias humanas que se entrelazan con el destino. Reflexionar sobre la vida de quienes habitan en el mismo lugar que disfrutamos es un paso esencial para hacer de cada viaje una experiencia m\u00e1s rica y significativa.<\/p>\n<p>Canc\u00fan sigue siendo un lugar m\u00e1gico, pero es hora de que todos los visitantes ayuden a sembrar semillas de cambio. Con cada acci\u00f3n, por peque\u00f1a que sea, se puede contribuir a crear un entorno m\u00e1s justo y humano. As\u00ed, cuando pienses en tus pr\u00f3ximas vacaciones en este destino caribe\u00f1o, recuerda que el verdadero viaje tambi\u00e9n incluye la conexi\u00f3n con las vidas que habitan en su sombra y la empat\u00eda que podemos brindar a quienes m\u00e1s lo necesitan.<\/p>\n<p><em> &#8221; Fuentes sipse.com &#8221; <\/em><\/p>\n","protected":false},"excerpt":{"rendered":"<p>El rostro oculto del para\u00edso: reflexiones sobre las realidades sociales en Canc\u00fan Canc\u00fan, el destino tur\u00edstico por excelencia del Caribe mexicano, es conocido mundialmente por sus playas de ensue\u00f1o, resorts lujosos y vibrante vida nocturna. Sin embargo, detr\u00e1s de esa fachada id\u00edlica, se ocultan realidades que muchos viajeros no ven. Recientemente, en la zona conocida [&hellip;]<\/p>\n","protected":false},"author":4,"featured_media":1135359,"comment_status":"open","ping_status":"closed","sticky":false,"template":"","format":"standard","meta":{"om_disable_all_campaigns":false,"jnews-multi-image_gallery":[],"jnews_single_post":[],"jnews_primary_category":[],"jnews_social_meta":[],"footnotes":""},"categories":[41],"tags":[192674,14382,274353,205506,11169,78922,1458,274354,10616,196227,270262,225131],"class_list":["post-1135358","post","type-post","status-publish","format-standard","has-post-thumbnail","hentry","category-cruceros","tag-atencion-social","tag-el-crucero","tag-emergencia-social","tag-intervencion-social","tag-peligrosos","tag-personas-en-situacion-de-calle","tag-pobreza","tag-recursos-para-personas-sin-hogar","tag-salud-publica","tag-servicios-comunitarios","tag-situacion-de-calle","tag-vulnerabilidad"],"_links":{"self":[{"href":"https:\/\/dimensionturistica.com\/es\/wp-json\/wp\/v2\/posts\/1135358","targetHints":{"allow":["GET"]}}],"collection":[{"href":"https:\/\/dimensionturistica.com\/es\/wp-json\/wp\/v2\/posts"}],"about":[{"href":"https:\/\/dimensionturistica.com\/es\/wp-json\/wp\/v2\/types\/post"}],"author":[{"embeddable":true,"href":"https:\/\/dimensionturistica.com\/es\/wp-json\/wp\/v2\/users\/4"}],"replies":[{"embeddable":true,"href":"https:\/\/dimensionturistica.com\/es\/wp-json\/wp\/v2\/comments?post=1135358"}],"version-history":[{"count":1,"href":"https:\/\/dimensionturistica.com\/es\/wp-json\/wp\/v2\/posts\/1135358\/revisions"}],"predecessor-version":[{"id":1135360,"href":"https:\/\/dimensionturistica.com\/es\/wp-json\/wp\/v2\/posts\/1135358\/revisions\/1135360"}],"wp:featuredmedia":[{"embeddable":true,"href":"https:\/\/dimensionturistica.com\/es\/wp-json\/wp\/v2\/media\/1135359"}],"wp:attachment":[{"href":"https:\/\/dimensionturistica.com\/es\/wp-json\/wp\/v2\/media?parent=1135358"}],"wp:term":[{"taxonomy":"category","embeddable":true,"href":"https:\/\/dimensionturistica.com\/es\/wp-json\/wp\/v2\/categories?post=1135358"},{"taxonomy":"post_tag","embeddable":true,"href":"https:\/\/dimensionturistica.com\/es\/wp-json\/wp\/v2\/tags?post=1135358"}],"curies":[{"name":"wp","href":"https:\/\/api.w.org\/{rel}","templated":true}]}}