{"id":1135346,"date":"2026-04-05T20:37:58","date_gmt":"2026-04-05T20:37:58","guid":{"rendered":"https:\/\/dimensionturistica.com\/es\/?p=1135346"},"modified":"2026-04-05T20:37:58","modified_gmt":"2026-04-05T20:37:58","slug":"descubre-los-encantos-turisticos-de-gran-canaria-2","status":"publish","type":"post","link":"https:\/\/dimensionturistica.com\/es\/descubre-los-encantos-turisticos-de-gran-canaria-2\/","title":{"rendered":"Descubre los Encantos Tur\u00edsticos de Gran Canaria"},"content":{"rendered":"<p><strong>Descubre la Magia de Gran Canaria: Destino Tur\u00edstico Sostenible<\/strong><\/p>\n<p>Gran Canaria se est\u00e1 posicionando como un referente en turismo sostenible, gracias a su compromiso de preservar el medio ambiente mientras ofrece experiencias inolvidables a los visitantes. Este hermoso destino, conocido por sus paisajes diversos y su clima c\u00e1lido durante todo el a\u00f1o, ha sabido adaptarse a las nuevas tendencias del viajero consciente.<\/p>\n<p>La isla est\u00e1 implementando nuevas estrategias para atraer a un turismo responsable, donde la diversi\u00f3n y el respeto por la naturaleza van de la mano. Con m\u00e1s de 60 senderos homologados, los amantes del hiking pueden explorar desde costas espl\u00e9ndidas hasta monta\u00f1as majestuosas, todo sin dejar una huella negativa en el entorno.<\/p>\n<p>Uno de los aspectos m\u00e1s destacados de la iniciativa de sostenibilidad de Gran Canaria es la promoci\u00f3n de la gastrono\u0301mica local. Los visitantes pueden deleitarse con delicias preparadas a partir de ingredientes frescos y de proximidad, apoyando as\u00ed la econom\u00eda local y reduciendo la huella de carbono asociada al transporte de alimentos.<\/p>\n<p>Adem\u00e1s, la isla es hogar de una serie de proyectos de conservaci\u00f3n que buscan proteger su rica biodiversidad. Desde el avistamiento de aves en su h\u00e1bitat natural hasta la protecci\u00f3n de especies en peligro de extinci\u00f3n, hay m\u00faltiples oportunidades para que los viajeros se involucren y aprendan sobre la ecolog\u00eda del lugar.<\/p>\n<p>La oferta cultural de Gran Canaria tambi\u00e9n se enriquece con la sostenibilidad en mente. Festivales, talleres y mercados que resaltan la cultura local brindan al visitante la oportunidad de sumergirse en la tradici\u00f3n y el arte, todo mientras se colabora con artistas y artesanos locales.<\/p>\n<p>Gran Canaria no solo es un destino ideal para quienes buscan sol y playa; es un lugar donde el turismo y el cuidado del planeta pueden convivir en perfecta armon\u00eda. Los que elijan visitar la isla este a\u00f1o encontrar\u00e1n un entorno que fomenta el respeto por la naturaleza y celebra la riqueza cultural de su gente.<\/p>\n<p>Con nuevas iniciativas en marcha y un claro enfoque hacia la sostenibilidad, Gran Canaria se aferra a su identidad \u00fanica y ancestral, mientras se adapta a las demandas de una nueva generaci\u00f3n de viajeros. Este es el momento perfecto para explorar la isla, disfrutar de sus paisajes y contribuir a un futuro m\u00e1s sostenible. \u00a1Gran Canaria te espera con los brazos abiertos!<\/p>\n<p><em> &#8221; Sources www.grancanaria.com &#8221; <\/em><\/p>\n","protected":false},"excerpt":{"rendered":"<p>Descubre la Magia de Gran Canaria: Destino Tur\u00edstico Sostenible Gran Canaria se est\u00e1 posicionando como un referente en turismo sostenible, gracias a su compromiso de preservar el medio ambiente mientras ofrece experiencias inolvidables a los visitantes. Este hermoso destino, conocido por sus paisajes diversos y su clima c\u00e1lido durante todo el a\u00f1o, ha sabido adaptarse [&hellip;]<\/p>\n","protected":false},"author":4,"featured_media":1135347,"comment_status":"open","ping_status":"closed","sticky":false,"template":"","format":"standard","meta":{"om_disable_all_campaigns":false,"jnews-multi-image_gallery":[],"jnews_single_post":[],"jnews_primary_category":[],"jnews_social_meta":[],"footnotes":""},"categories":[40],"tags":[1105,130008,130007,130013,662,2924,130011,130012,6738,5833,130010,4517,57560,2189,2925,1570,130005,130006,130009,130002,130001,130004,130003,544,130000,129999,129998,1861,545],"class_list":["post-1135346","post","type-post","status-publish","format-standard","has-post-thumbnail","hentry","category-industria","tag-actividades","tag-actualidad-turistica-canarias","tag-actualidad-turistica-grancanaria","tag-analisis-turismo-canarias","tag-cultura","tag-estadisticas","tag-estadisticas-turisticas-canarias","tag-estadisticas-turisticas-grancanaria","tag-gran-canaria","tag-informes","tag-informes-turisticos","tag-islas-canarias","tag-mercados-turisticos","tag-naturaleza","tag-ocio","tag-playas","tag-profesionales-turismo-canarias","tag-profesionales-turisticos-grancanaria","tag-renovacion-planta-alojativa","tag-sector-turismo-canarias","tag-sector-turistico-canarias","tag-sector-turistico-gran-canaria","tag-sector-turistico-grancanaria","tag-turismo","tag-turismo-noticias-canarias","tag-turismo-noticias-gran-canaria","tag-turismo-noticias-grancanaria","tag-vacaciones","tag-viajes"],"_links":{"self":[{"href":"https:\/\/dimensionturistica.com\/es\/wp-json\/wp\/v2\/posts\/1135346","targetHints":{"allow":["GET"]}}],"collection":[{"href":"https:\/\/dimensionturistica.com\/es\/wp-json\/wp\/v2\/posts"}],"about":[{"href":"https:\/\/dimensionturistica.com\/es\/wp-json\/wp\/v2\/types\/post"}],"author":[{"embeddable":true,"href":"https:\/\/dimensionturistica.com\/es\/wp-json\/wp\/v2\/users\/4"}],"replies":[{"embeddable":true,"href":"https:\/\/dimensionturistica.com\/es\/wp-json\/wp\/v2\/comments?post=1135346"}],"version-history":[{"count":1,"href":"https:\/\/dimensionturistica.com\/es\/wp-json\/wp\/v2\/posts\/1135346\/revisions"}],"predecessor-version":[{"id":1135348,"href":"https:\/\/dimensionturistica.com\/es\/wp-json\/wp\/v2\/posts\/1135346\/revisions\/1135348"}],"wp:featuredmedia":[{"embeddable":true,"href":"https:\/\/dimensionturistica.com\/es\/wp-json\/wp\/v2\/media\/1135347"}],"wp:attachment":[{"href":"https:\/\/dimensionturistica.com\/es\/wp-json\/wp\/v2\/media?parent=1135346"}],"wp:term":[{"taxonomy":"category","embeddable":true,"href":"https:\/\/dimensionturistica.com\/es\/wp-json\/wp\/v2\/categories?post=1135346"},{"taxonomy":"post_tag","embeddable":true,"href":"https:\/\/dimensionturistica.com\/es\/wp-json\/wp\/v2\/tags?post=1135346"}],"curies":[{"name":"wp","href":"https:\/\/api.w.org\/{rel}","templated":true}]}}