{"id":1135217,"date":"2026-04-05T11:01:48","date_gmt":"2026-04-05T11:01:48","guid":{"rendered":"https:\/\/dimensionturistica.com\/es\/?p=1135217"},"modified":"2026-04-05T11:01:48","modified_gmt":"2026-04-05T11:01:48","slug":"cuando-es-el-momento-ideal-para-visitar-la-costa-amalfitana","status":"publish","type":"post","link":"https:\/\/dimensionturistica.com\/es\/cuando-es-el-momento-ideal-para-visitar-la-costa-amalfitana\/","title":{"rendered":"\u00bfCu\u00e1ndo es el momento ideal para visitar la Costa Amalfitana?"},"content":{"rendered":"<h3>Costa Amalfitana: \u00bfCu\u00e1ndo es el Mejor Momento para Visitar este Para\u00edso?<\/h3>\n<p>Ubicada en la costa suroccidental de Italia, la Costa Amalfitana es un destino que deslumbra con sus impresionantes paisajes, pintorescos pueblos y una gastronom\u00eda que enamora a todos. Si est\u00e1s pensando en sumergirte en esta joya del Mediterr\u00e1neo, es fundamental elegir la \u00e9poca del a\u00f1o que mejor se adapte a tus expectativas y necesidades.<\/p>\n<h4>La Primavera: Renacer de Colores<\/h4>\n<p>La mejor \u00e9poca para visitar la Costa Amalfitana inicia en primavera, particularmente entre abril y junio. Durante estos meses, el clima es templado y los paisajes florecen en una paleta de colores vibrantes. Las multitudes de turistas a\u00fan no han llegado en su m\u00e1xima expresi\u00f3n, permiti\u00e9ndote disfrutar de un ambiente m\u00e1s tranquilo. Puedes pasear por los encantadores pueblos de Positano, Amalfi y Ravello sin sentirte abrumado.<\/p>\n<p>Adem\u00e1s, en primavera, las actividades al aire libre son ideales. Desde senderismo por los senderos que bordean la costa hasta degustaciones de vinos en vi\u00f1edos locales, las opciones para explorar son infinitas. No olvides probar la famosa limoncello, un licor de lim\u00f3n que bien refleja el esp\u00edritu de la regi\u00f3n.<\/p>\n<h4>Verano: El Esplendor Tur\u00edstico<\/h4>\n<p>El verano, entre julio y agosto, es la temporada alta. Las playas y acantilados de la Costa Amalfitana se llenan de turistas que buscan sol y mar. Las temperaturas alcanzan su apogeo, y el ambiente festivo es contagioso. Sin embargo, con la gran afluencia de visitantes, los precios de alojamientos y restaurantes suelen dispararse.<\/p>\n<p>Si decides visitar en verano, llega temprano a las atracciones m\u00e1s populares y aprovecha los atardeceres en la playa para disfrutar de un ambiente m\u00e1gico. Las fiestas locales y los eventos culturales tambi\u00e9n son caracter\u00edsticos de estos meses. La experiencia de un espect\u00e1culo de m\u00fasica o danza en la costa es algo que no debes perderte.<\/p>\n<h4>Oto\u00f1o: La Magia de la Tranquilidad<\/h4>\n<p>Otra \u00e9poca recomendada para visitar la Costa Amalfitana es en oto\u00f1o, particularmente entre septiembre y octubre. Durante estos meses, el clima sigue siendo c\u00e1lido, pero las multitudes comienzan a disiparse. Este es el momento perfecto para disfrutar de la Costa Amalfitana con un ritmo m\u00e1s relajado.<\/p>\n<p>El oto\u00f1o trae consigo una cosecha abundante, por lo que se celebran festivales de vino y gastronom\u00eda. Aqu\u00ed, puedes disfrutar de sabrosos platos a base de productos locales mientras te empapas de la cultura mediterr\u00e1nea.<\/p>\n<h4>Invierno: La Costa en su Esplendor Silencioso<\/h4>\n<p>Aunque puede considerarse una de las temporadas menos populares, visitar la Costa Amalfitana en invierno tiene su propio encanto. Desde diciembre hasta febrero, el clima es fresco, y aunque algunas atracciones pueden estar cerradas, el ambiente sereno permite disfrutar de la belleza natural y arquitect\u00f3nica de la costa sin aglomeraciones.<\/p>\n<p>Esta \u00e9poca es ideal para los amantes del turismo de bajo coste, ya que los precios de alojamiento son notablemente m\u00e1s bajos. Las tradiciones navide\u00f1as y los acogedores restaurantes ofrecen un enfoque m\u00e1s aut\u00e9ntico de la vida local.<\/p>\n<h4>Conclusi\u00f3n<\/h4>\n<p>La Costa Amalfitana es un destino que puede ser disfrutado en cualquier \u00e9poca del a\u00f1o, cada estaci\u00f3n ofreciendo un car\u00e1cter y encanto diferente. Ya sea que busques la vivacidad de la primavera, la energ\u00eda del verano, la calma del oto\u00f1o o el silencio del invierno, este enclave italiano tiene algo especial que ofrecer.<\/p>\n<p>As\u00ed que prepara tus maletas y elige la mejor \u00e9poca para descubrir este rinc\u00f3n del mundo que te har\u00e1 querer volver una y otra vez.<\/p>\n<p><em> &#8221; Fuentes www.20minutos.es &#8221; <\/em><\/p>\n","protected":false},"excerpt":{"rendered":"<p>Costa Amalfitana: \u00bfCu\u00e1ndo es el Mejor Momento para Visitar este Para\u00edso? Ubicada en la costa suroccidental de Italia, la Costa Amalfitana es un destino que deslumbra con sus impresionantes paisajes, pintorescos pueblos y una gastronom\u00eda que enamora a todos. Si est\u00e1s pensando en sumergirte en esta joya del Mediterr\u00e1neo, es fundamental elegir la \u00e9poca del [&hellip;]<\/p>\n","protected":false},"author":4,"featured_media":1135218,"comment_status":"open","ping_status":"closed","sticky":false,"template":"","format":"standard","meta":{"om_disable_all_campaigns":false,"jnews-multi-image_gallery":[],"jnews_single_post":[],"jnews_primary_category":[],"jnews_social_meta":[],"footnotes":""},"categories":[39],"tags":[186386,2486,29522,47747,1228,1692,50915,11242,86796,25114,544,790,545],"class_list":["post-1135217","post","type-post","status-publish","format-standard","has-post-thumbnail","hentry","category-viajes","tag-amalfi","tag-clima","tag-consejos-de-viaje","tag-costa-amalfitana","tag-destinos","tag-italia","tag-mejor-epoca","tag-planificar-viajes","tag-planseo","tag-temporadas","tag-turismo","tag-viajar","tag-viajes"],"_links":{"self":[{"href":"https:\/\/dimensionturistica.com\/es\/wp-json\/wp\/v2\/posts\/1135217","targetHints":{"allow":["GET"]}}],"collection":[{"href":"https:\/\/dimensionturistica.com\/es\/wp-json\/wp\/v2\/posts"}],"about":[{"href":"https:\/\/dimensionturistica.com\/es\/wp-json\/wp\/v2\/types\/post"}],"author":[{"embeddable":true,"href":"https:\/\/dimensionturistica.com\/es\/wp-json\/wp\/v2\/users\/4"}],"replies":[{"embeddable":true,"href":"https:\/\/dimensionturistica.com\/es\/wp-json\/wp\/v2\/comments?post=1135217"}],"version-history":[{"count":1,"href":"https:\/\/dimensionturistica.com\/es\/wp-json\/wp\/v2\/posts\/1135217\/revisions"}],"predecessor-version":[{"id":1135219,"href":"https:\/\/dimensionturistica.com\/es\/wp-json\/wp\/v2\/posts\/1135217\/revisions\/1135219"}],"wp:featuredmedia":[{"embeddable":true,"href":"https:\/\/dimensionturistica.com\/es\/wp-json\/wp\/v2\/media\/1135218"}],"wp:attachment":[{"href":"https:\/\/dimensionturistica.com\/es\/wp-json\/wp\/v2\/media?parent=1135217"}],"wp:term":[{"taxonomy":"category","embeddable":true,"href":"https:\/\/dimensionturistica.com\/es\/wp-json\/wp\/v2\/categories?post=1135217"},{"taxonomy":"post_tag","embeddable":true,"href":"https:\/\/dimensionturistica.com\/es\/wp-json\/wp\/v2\/tags?post=1135217"}],"curies":[{"name":"wp","href":"https:\/\/api.w.org\/{rel}","templated":true}]}}