{"id":1135054,"date":"2026-04-04T20:27:43","date_gmt":"2026-04-04T20:27:43","guid":{"rendered":"https:\/\/dimensionturistica.com\/es\/?p=1135054"},"modified":"2026-04-04T20:27:43","modified_gmt":"2026-04-04T20:27:43","slug":"la-autoridad-portuaria-de-bilbao-evalua-mover-el-trafico-de-ferris-desde-zierbena-hacia-la-terminal-de-cruceros-de-getxo","status":"publish","type":"post","link":"https:\/\/dimensionturistica.com\/es\/la-autoridad-portuaria-de-bilbao-evalua-mover-el-trafico-de-ferris-desde-zierbena-hacia-la-terminal-de-cruceros-de-getxo\/","title":{"rendered":"La autoridad portuaria de Bilbao eval\u00faa mover el tr\u00e1fico de ferris desde Zierbena hacia la terminal de cruceros de Getxo."},"content":{"rendered":"<h3>El Futuro del Turismo en la Costa Vasca: Nuevos Proyectos en el Puerto de Bilbao<\/h3>\n<p>El Puerto de Bilbao, un emblema de la actividad mar\u00edtima del Pa\u00eds Vasco, se encuentra en la encrucijada de una evoluci\u00f3n significativa que promete transformar la experiencia tur\u00edstica de la regi\u00f3n. Con la propuesta de trasladar el tr\u00e1fico de ferris a la terminal de cruceros en Getxo, se abre una nueva era en la gesti\u00f3n y desarrollo del turismo en la costa vasca. Este cambio no solo busca optimizar la operaci\u00f3n portuaria, sino que tambi\u00e9n pretende realzar la belleza y el atractivo de esta ic\u00f3nica zona costera.<\/p>\n<h4>Innovaci\u00f3n y Sostenibilidad<\/h4>\n<p>El puerto siempre ha sido un punto neur\u00e1lgico de conexi\u00f3n en la regi\u00f3n, pero los planes implementados buscan redise\u00f1ar esta conexi\u00f3n con una visi\u00f3n hacia el futuro, centrada en la sostenibilidad y en la mejora de la experiencia del visitante. Al mover las operaciones de los ferris a una terminal m\u00e1s apropiada, se espera liberar el puerto principal de una gran parte del tr\u00e1fico, permitiendo que este espacio se enfoque m\u00e1s en el turismo y en actividades culturales que atraigan a visitantes de todas partes.<\/p>\n<h4>Getxo: Puerta a la Belleza Costera<\/h4>\n<p>Getxo, conocido por sus hermosas playas y su arquitectura se\u00f1orial, se convertir\u00e1 en el nuevo epicentro de la llegada y salida de ferris. Este cambio puede ser un impulso significativo para el turismo local, atrayendo a viajeros que buscan no solo un medio de transporte, sino tambi\u00e9n una experiencia enriquecedora. Desde paseos por la playa hasta la exploraci\u00f3n de los acantilados con vistas panor\u00e1micas, las oportunidades para disfrutar de la naturaleza en Getxo son infinitas. Adem\u00e1s, el potencial de esta localidad para acoger eventos culturales y festivales sugiere un horizonte prometedor para quienes buscan combinar ocio y conocimiento.<\/p>\n<h4>Impacto Econ\u00f3mico y Social<\/h4>\n<p>La reubicaci\u00f3n del tr\u00e1fico de ferris tambi\u00e9n tiene implicaciones m\u00e1s amplias para la econom\u00eda local. Con un incremento en el n\u00famero de visitantes, se generar\u00e1n nuevas oportunidades de negocio para restaurantes, tiendas y servicios tur\u00edsticos en Getxo y sus alrededores. Este flujo constante de turistas no solo revitalizar\u00e1 la econom\u00eda local, sino que tambi\u00e9n crear\u00e1 empleos y fomentar\u00e1 la inversi\u00f3n en infraestructura y servicios.<\/p>\n<h4>Un Futuro Prometedor<\/h4>\n<p>En un mundo donde el turismo se redefine constantemente, la reestructuraci\u00f3n del tr\u00e1fico mar\u00edtimo en el Puerto de Bilbao se presenta como una oportunidad para elevar el perfil de la costa vasca. Este proyecto promete ser una plataforma para resaltar la riqueza cultural y natural de la regi\u00f3n, ampliando as\u00ed su atractivo tanto para viajeros nacionales como internacionales.<\/p>\n<p>En conclusi\u00f3n, el traslado del tr\u00e1fico de ferris a Getxo no solo es un cambio log\u00edstico; es una declaraci\u00f3n de intenciones sobre el futuro del turismo en el Pa\u00eds Vasco. Con un enfoque renovado en la sostenibilidad y el desarrollo local, la regi\u00f3n est\u00e1 lista para brillar con todo su esplendor, convirtiendo cada visita en una experiencia inolvidable. As\u00ed, los turistas que lleguen a la costa vasca no solo se embarcar\u00e1n en un viaje, sino que tambi\u00e9n se sumergir\u00e1n en un destino lleno de historia, belleza natural y calidez humana.<\/p>\n<p><em> &#8221; Fuentes www.eldiario.es &#8221; <\/em><\/p>\n","protected":false},"excerpt":{"rendered":"<p>El Futuro del Turismo en la Costa Vasca: Nuevos Proyectos en el Puerto de Bilbao El Puerto de Bilbao, un emblema de la actividad mar\u00edtima del Pa\u00eds Vasco, se encuentra en la encrucijada de una evoluci\u00f3n significativa que promete transformar la experiencia tur\u00edstica de la regi\u00f3n. Con la propuesta de trasladar el tr\u00e1fico de ferris [&hellip;]<\/p>\n","protected":false},"author":4,"featured_media":1135055,"comment_status":"open","ping_status":"closed","sticky":false,"template":"","format":"standard","meta":{"om_disable_all_campaigns":false,"jnews-multi-image_gallery":[],"jnews_single_post":[],"jnews_primary_category":[],"jnews_social_meta":[],"footnotes":""},"categories":[41],"tags":[707,5889,274252,55454,20706,274254,1742,2970,87617,274261,2205,543,6279,3336,236942,21319,213355,47902,274251,274250,47901,35869,16726,65339,770,6029,74246,2188,93384,195109,27487,6277,91192,65780,30384,47904,274262,29926,31485,62278,274260,274256,274255,8868,5107,20491,546,274259,274258,1186,274257,274253,5920,1907,10123,784,653,64261,7409,49326],"class_list":["post-1135054","post","type-post","status-publish","format-standard","has-post-thumbnail","hentry","category-cruceros","tag-actualidad","tag-alava","tag-andar-en-bici","tag-barakaldo","tag-bbva","tag-belen-ferreras","tag-bilbao","tag-bizkaia","tag-brands","tag-caso-de-miguel","tag-corrupcion","tag-cruceros","tag-donostia","tag-educacion","tag-eh-bildu","tag-eibar","tag-ela","tag-eldiario-es","tag-eldiario-es-euskadi","tag-eldiario-eus","tag-eldiarionorte-es","tag-emergencia-climatica","tag-eroski","tag-ertzaintza","tag-espana","tag-euskadi","tag-euskal-herria","tag-feminismo","tag-ferris","tag-gernika","tag-getxo","tag-gipuzkoa","tag-hondarribia","tag-ignacio-escolar","tag-igualdad","tag-iker-rioja-andueza","tag-imanol-pradales","tag-irun","tag-kutxabank","tag-lab","tag-lanbide","tag-maialen-ferreira","tag-montai","tag-osakidetza","tag-pais-vasco","tag-pnv","tag-politica","tag-pp-vasco","tag-pse-ee","tag-puertos","tag-rodrigo-saiz","tag-ruben-pereda","tag-sindicatos","tag-sociedad","tag-terminal","tag-trafico","tag-transporte","tag-upv-ehu","tag-vitoria","tag-zierbena"],"_links":{"self":[{"href":"https:\/\/dimensionturistica.com\/es\/wp-json\/wp\/v2\/posts\/1135054","targetHints":{"allow":["GET"]}}],"collection":[{"href":"https:\/\/dimensionturistica.com\/es\/wp-json\/wp\/v2\/posts"}],"about":[{"href":"https:\/\/dimensionturistica.com\/es\/wp-json\/wp\/v2\/types\/post"}],"author":[{"embeddable":true,"href":"https:\/\/dimensionturistica.com\/es\/wp-json\/wp\/v2\/users\/4"}],"replies":[{"embeddable":true,"href":"https:\/\/dimensionturistica.com\/es\/wp-json\/wp\/v2\/comments?post=1135054"}],"version-history":[{"count":1,"href":"https:\/\/dimensionturistica.com\/es\/wp-json\/wp\/v2\/posts\/1135054\/revisions"}],"predecessor-version":[{"id":1135056,"href":"https:\/\/dimensionturistica.com\/es\/wp-json\/wp\/v2\/posts\/1135054\/revisions\/1135056"}],"wp:featuredmedia":[{"embeddable":true,"href":"https:\/\/dimensionturistica.com\/es\/wp-json\/wp\/v2\/media\/1135055"}],"wp:attachment":[{"href":"https:\/\/dimensionturistica.com\/es\/wp-json\/wp\/v2\/media?parent=1135054"}],"wp:term":[{"taxonomy":"category","embeddable":true,"href":"https:\/\/dimensionturistica.com\/es\/wp-json\/wp\/v2\/categories?post=1135054"},{"taxonomy":"post_tag","embeddable":true,"href":"https:\/\/dimensionturistica.com\/es\/wp-json\/wp\/v2\/tags?post=1135054"}],"curies":[{"name":"wp","href":"https:\/\/api.w.org\/{rel}","templated":true}]}}